{"id":25702,"date":"2026-09-04T09:50:14","date_gmt":"2026-09-04T13:50:14","guid":{"rendered":"https:\/\/nazarenonews.com.br\/?p=25702"},"modified":"2026-09-04T09:50:14","modified_gmt":"2026-09-04T13:50:14","slug":"pm-resgata-homem-sequestrado-no-trabalho-para-ser-julgado-por-faccao","status":"publish","type":"post","link":"https:\/\/nazarenonews.com.br\/index.php\/2026\/09\/04\/pm-resgata-homem-sequestrado-no-trabalho-para-ser-julgado-por-faccao\/","title":{"rendered":"PM resgata homem sequestrado no trabalho para ser &#8220;julgado&#8221; por fac\u00e7\u00e3o"},"content":{"rendered":"\n<p>A Pol\u00edcia Militar prendeu dois suspeitos e resgatou um homem que havia sido sequestrado no trabalho para ser submetido a um \u201cjulgamento\u201d pelo \u201ctribunal do crime\u201d, em Barra do Gar\u00e7as (a 509 quil\u00f4metros de Cuiab\u00e1),&nbsp;na tarde de ter\u00e7a-feira (2).<\/p>\n\n\n\n<p>De acordo com o boletim de ocorr\u00eancia, a v\u00edtima era mantida em uma casa abandonada no bairro Serrinha, quando os policiais receberam informa\u00e7\u00f5es sobre a a\u00e7\u00e3o envolvendo integrantes de uma organiza\u00e7\u00e3o criminosa no im\u00f3vel.<\/p>\n\n\n\n<p>Durante a abordagem, os militares encontraram a v\u00edtima com as m\u00e3os amarradas para tr\u00e1s, cercada por tr\u00eas homens. Com a chegada das viaturas, os suspeitos tentaram fugir.<\/p>\n\n\n\n<p>A v\u00edtima foi libertada e retirada do local em seguran\u00e7a. Durante o cerco policial, dois suspeitos foram localizados e presos. Outros envolvidos conseguiram fugir e seguem sendo procurados.<\/p>\n\n\n\n<p>Com os detidos, os policiais apreenderam aparelhos celulares e uma por\u00e7\u00e3o de maconha.<\/p>\n\n\n\n<p>Segundo o relato da v\u00edtima, ela foi retirada \u00e0 for\u00e7a de seu local de trabalho e levada at\u00e9 a casa abandonada. No im\u00f3vel, teria sido amea\u00e7ada de morte e submetida a um suposto \u201cjulgamento\u201d, pr\u00e1tica conhecida como \u201ctribunal do crime\u201d.<\/p>\n\n\n\n<p>Os dois suspeitos foram encaminhados \u00e0 Delegacia de Pol\u00edcia. A ocorr\u00eancia foi registrada pelos crimes de promover ou constituir organiza\u00e7\u00e3o criminosa, tortura mediante sequestro, sequestro e c\u00e1rcere privado e desobedi\u00eancia.<\/p>\n\n\n\n<p>A a\u00e7\u00e3o integrada foi realizada por equipes da For\u00e7a T\u00e1tica da 29\u00aa Companhia Independente e do Grupo de Apoio (GAP) do 2\u00ba Batalh\u00e3o da PM.<\/p>\n\n\n\n<p>MidiaNews<\/p>\n","protected":false},"excerpt":{"rendered":"<p>A Pol\u00edcia Militar prendeu dois suspeitos e resgatou um homem que havia sido sequestrado no trabalho para ser submetido a um \u201cjulgamento\u201d pelo \u201ctribunal do crime\u201d, em Barra do Gar\u00e7as (a 509 quil\u00f4metros de Cuiab\u00e1),&nbsp;na tarde de ter\u00e7a-feira (2). De acordo com o boletim de ocorr\u00eancia, a v\u00edtima era mantida em uma casa abandonada no [&hellip;]<\/p>\n","protected":false},"author":2,"featured_media":25703,"comment_status":"closed","ping_status":"closed","sticky":false,"template":"","format":"standard","meta":{"_monsterinsights_skip_tracking":false,"footnotes":""},"categories":[36,51,1],"tags":[],"_links":{"self":[{"href":"https:\/\/nazarenonews.com.br\/index.php\/wp-json\/wp\/v2\/posts\/25702"}],"collection":[{"href":"https:\/\/nazarenonews.com.br\/index.php\/wp-json\/wp\/v2\/posts"}],"about":[{"href":"https:\/\/nazarenonews.com.br\/index.php\/wp-json\/wp\/v2\/types\/post"}],"author":[{"embeddable":true,"href":"https:\/\/nazarenonews.com.br\/index.php\/wp-json\/wp\/v2\/users\/2"}],"replies":[{"embeddable":true,"href":"https:\/\/nazarenonews.com.br\/index.php\/wp-json\/wp\/v2\/comments?post=25702"}],"version-history":[{"count":1,"href":"https:\/\/nazarenonews.com.br\/index.php\/wp-json\/wp\/v2\/posts\/25702\/revisions"}],"predecessor-version":[{"id":25704,"href":"https:\/\/nazarenonews.com.br\/index.php\/wp-json\/wp\/v2\/posts\/25702\/revisions\/25704"}],"wp:featuredmedia":[{"embeddable":true,"href":"https:\/\/nazarenonews.com.br\/index.php\/wp-json\/wp\/v2\/media\/25703"}],"wp:attachment":[{"href":"https:\/\/nazarenonews.com.br\/index.php\/wp-json\/wp\/v2\/media?parent=25702"}],"wp:term":[{"taxonomy":"category","embeddable":true,"href":"https:\/\/nazarenonews.com.br\/index.php\/wp-json\/wp\/v2\/categories?post=25702"},{"taxonomy":"post_tag","embeddable":true,"href":"https:\/\/nazarenonews.com.br\/index.php\/wp-json\/wp\/v2\/tags?post=25702"}],"curies":[{"name":"wp","href":"https:\/\/api.w.org\/{rel}","templated":true}]}}