{"id":25694,"date":"2026-09-04T07:25:51","date_gmt":"2026-09-04T11:25:51","guid":{"rendered":"https:\/\/nazarenonews.com.br\/?p=25694"},"modified":"2026-09-04T07:25:51","modified_gmt":"2026-09-04T11:25:51","slug":"o-tempo-e-a-temperatura-centro-oeste-tera-predominio-de-muitas-nuvens-nesta-sexta-feira-4","status":"publish","type":"post","link":"https:\/\/nazarenonews.com.br\/index.php\/2026\/09\/04\/o-tempo-e-a-temperatura-centro-oeste-tera-predominio-de-muitas-nuvens-nesta-sexta-feira-4\/","title":{"rendered":"O TEMPO E A TEMPERATURA: Centro-Oeste ter\u00e1 predom\u00ednio de muitas nuvens nesta sexta-feira (4)"},"content":{"rendered":"\n<p>Possibilidade de chuva isolada alcan\u00e7a o Distrito Federal e \u00e1reas do norte da regi\u00e3o<\/p>\n\n\n\n<p>Data de publica\u00e7\u00e3o: 03 de Setembro de 2026, 18:30h<\/p>\n\n\n\n<p>A sexta-feira (4) ser\u00e1 de muitas nuvens em grande parte do&nbsp;<strong>Centro-Oeste<\/strong>, com&nbsp;<strong>possibilidade de chuva isolada<\/strong>&nbsp;<strong>em \u00e1reas mais ao norte da regi\u00e3o<\/strong>, segundo o&nbsp;<a href=\"https:\/\/portal.inmet.gov.br\/\"><strong>Instituto Nacional de Meteorologia (Inmet)<\/strong><\/a>.<\/p>\n\n\n\n<p>No&nbsp;<strong>Distrito Federal<\/strong>,&nbsp;<strong>Bras\u00edlia<\/strong>&nbsp;ter\u00e1&nbsp;<strong>muitas nuvens e possibilidade de chuva isolada<\/strong>. Os term\u00f4metros variam entre<strong>&nbsp;20\u00b0C&nbsp;<\/strong>e&nbsp;<strong>31\u00b0C<\/strong>.<\/p>\n\n\n\n<p>Em&nbsp;<strong>Goi\u00e1s<\/strong>, a previs\u00e3o indica&nbsp;<strong>maior presen\u00e7a de nuvens no centro e no sul do estado<\/strong>, enquanto&nbsp;<strong>\u00e1reas do norte goiano<\/strong>&nbsp;<strong>podem registrar chuva isolada<\/strong>. Em&nbsp;<strong>Goi\u00e2nia<\/strong>, a temperatura varia de<strong>&nbsp;21\u00b0C<\/strong>&nbsp;a&nbsp;<strong>35\u00b0C<\/strong>, com&nbsp;<strong>muitas nuvens<\/strong>.<\/p>\n\n\n\n<p>Em&nbsp;<strong>Mato Grosso<\/strong>, h\u00e1<strong>&nbsp;possibilidade de chuva isolada<\/strong>&nbsp;principalmente no&nbsp;<strong>norte do estado<\/strong>. Nas<strong>&nbsp;\u00e1reas centrais e no sul mato-grossense<\/strong>, o c\u00e9u permanece com&nbsp;<strong>muitas nuvens<\/strong>.&nbsp;<strong>Cuiab\u00e1&nbsp;<\/strong>ter\u00e1 m\u00ednima de<strong>&nbsp;27\u00b0C<\/strong>&nbsp;e m\u00e1xima de&nbsp;<strong>38\u00b0C<\/strong>.<\/p>\n\n\n\n<p>Em<strong>&nbsp;Mato Grosso do Sul<\/strong>,&nbsp;<strong>muitas nuvens&nbsp;<\/strong>predominam na maior parte do estado, com per\u00edodos de&nbsp;<strong>menor nebulosidade<\/strong>&nbsp;<strong>em \u00e1reas do centro-sul<\/strong>. Em&nbsp;<strong>Campo Grande<\/strong>, os term\u00f4metros ficam entre&nbsp;<strong>22\u00b0C<\/strong>&nbsp;e&nbsp;<strong>32\u00b0C<\/strong>.<br>&nbsp;<\/p>\n\n\n\n<h2 class=\"wp-block-heading\"><strong>5 motivos para acompanhar as previs\u00f5es do tempo<\/strong><\/h2>\n\n\n\n<ul>\n<li>Agricultura: garantia de uma boa colheita;<\/li>\n\n\n\n<li>Marinha: prote\u00e7\u00e3o de marinheiros, navios e passageiros;<\/li>\n\n\n\n<li>Aeron\u00e1utica: seguran\u00e7a de pilotos, aeronaves e passageiros;<\/li>\n\n\n\n<li>Pesca: condi\u00e7\u00f5es favor\u00e1veis e seguras para a atividade;<\/li>\n\n\n\n<li>Turismo: garantia de passeios e viagens tranquilas e agrad\u00e1veis.<\/li>\n<\/ul>\n\n\n\n<h2 class=\"wp-block-heading\"><strong>Import\u00e2ncia das observa\u00e7\u00f5es meteorol\u00f3gicas no INMET<\/strong><\/h2>\n\n\n\n<p>As observa\u00e7\u00f5es meteorol\u00f3gicas do INMET s\u00e3o essenciais para previs\u00f5es em tempo real, estat\u00edsticas clim\u00e1ticas e coopera\u00e7\u00e3o internacional. Esses dados precisos ajudam a estudar o clima passado e a produzir Normais Climatol\u00f3gicas conforme a Organiza\u00e7\u00e3o Meteorol\u00f3gica Mundial (<a href=\"https:\/\/worldweather.wmo.int\/pt\/home.html\">OMM<\/a>).<\/p>\n\n\n\n<p><strong>As informa\u00e7\u00f5es s\u00e3o do Instituto Nacional de Meteorologia (<a href=\"https:\/\/portal.inmet.gov.br\/\">Inmet<\/a>).<\/strong><\/p>\n","protected":false},"excerpt":{"rendered":"<p>Possibilidade de chuva isolada alcan\u00e7a o Distrito Federal e \u00e1reas do norte da regi\u00e3o Data de publica\u00e7\u00e3o: 03 de Setembro de 2026, 18:30h A sexta-feira (4) ser\u00e1 de muitas nuvens em grande parte do&nbsp;Centro-Oeste, com&nbsp;possibilidade de chuva isolada&nbsp;em \u00e1reas mais ao norte da regi\u00e3o, segundo o&nbsp;Instituto Nacional de Meteorologia (Inmet). No&nbsp;Distrito Federal,&nbsp;Bras\u00edlia&nbsp;ter\u00e1&nbsp;muitas nuvens e possibilidade [&hellip;]<\/p>\n","protected":false},"author":2,"featured_media":25651,"comment_status":"closed","ping_status":"closed","sticky":false,"template":"","format":"standard","meta":{"_monsterinsights_skip_tracking":false,"footnotes":""},"categories":[52],"tags":[],"_links":{"self":[{"href":"https:\/\/nazarenonews.com.br\/index.php\/wp-json\/wp\/v2\/posts\/25694"}],"collection":[{"href":"https:\/\/nazarenonews.com.br\/index.php\/wp-json\/wp\/v2\/posts"}],"about":[{"href":"https:\/\/nazarenonews.com.br\/index.php\/wp-json\/wp\/v2\/types\/post"}],"author":[{"embeddable":true,"href":"https:\/\/nazarenonews.com.br\/index.php\/wp-json\/wp\/v2\/users\/2"}],"replies":[{"embeddable":true,"href":"https:\/\/nazarenonews.com.br\/index.php\/wp-json\/wp\/v2\/comments?post=25694"}],"version-history":[{"count":1,"href":"https:\/\/nazarenonews.com.br\/index.php\/wp-json\/wp\/v2\/posts\/25694\/revisions"}],"predecessor-version":[{"id":25695,"href":"https:\/\/nazarenonews.com.br\/index.php\/wp-json\/wp\/v2\/posts\/25694\/revisions\/25695"}],"wp:featuredmedia":[{"embeddable":true,"href":"https:\/\/nazarenonews.com.br\/index.php\/wp-json\/wp\/v2\/media\/25651"}],"wp:attachment":[{"href":"https:\/\/nazarenonews.com.br\/index.php\/wp-json\/wp\/v2\/media?parent=25694"}],"wp:term":[{"taxonomy":"category","embeddable":true,"href":"https:\/\/nazarenonews.com.br\/index.php\/wp-json\/wp\/v2\/categories?post=25694"},{"taxonomy":"post_tag","embeddable":true,"href":"https:\/\/nazarenonews.com.br\/index.php\/wp-json\/wp\/v2\/tags?post=25694"}],"curies":[{"name":"wp","href":"https:\/\/api.w.org\/{rel}","templated":true}]}}