{"id":25691,"date":"2026-09-04T07:23:48","date_gmt":"2026-09-04T11:23:48","guid":{"rendered":"https:\/\/nazarenonews.com.br\/?p=25691"},"modified":"2026-09-04T07:23:49","modified_gmt":"2026-09-04T11:23:49","slug":"obra-fecha-pistas-de-avenida-e-trava-transito-no-horario-de-pico","status":"publish","type":"post","link":"https:\/\/nazarenonews.com.br\/index.php\/2026\/09\/04\/obra-fecha-pistas-de-avenida-e-trava-transito-no-horario-de-pico\/","title":{"rendered":"Obra fecha pistas de avenida e trava tr\u00e2nsito no hor\u00e1rio de pico"},"content":{"rendered":"\n<p>Uma obra da concession\u00e1ria \u00c1guas Cuiab\u00e1 provocou um forte congestionamento na Avenida Generoso Ponce, na regi\u00e3o central de Cuiab\u00e1, no in\u00edcio da noite desta quinta-feira (3).<\/p>\n\n\n\n<p>A interven\u00e7\u00e3o, pr\u00f3xima ao cruzamento com a Avenida da Prainha, ocupa duas faixas da via, deixando apenas outras duas livres para a passagem de ve\u00edculos. No hor\u00e1rio de pico, o bloqueio agravou o tr\u00e2nsito na regi\u00e3o.<\/p>\n\n\n\n<p>Imagens feitas pelo&nbsp;<strong>MidiaNews<\/strong>&nbsp;mostram a lentid\u00e3o e uma extensa fila de ve\u00edculos, que cruza a Avenida Isaac P\u00f3voas e chega at\u00e9 a Avenida Lava-P\u00e9s. Vias paralelas tamb\u00e9m foram afetadas pelo congestionamento.<\/p>\n\n\n\n<p>A \u00c1guas Cuiab\u00e1 informou que realiza o reparo de uma rede de abastecimento na Rua 13 de Junho e que, em raz\u00e3o do servi\u00e7o, o fornecimento de \u00e1gua na regi\u00e3o foi temporariamente suspenso.<\/p>\n\n\n\n<p>A previs\u00e3o inicial era de que o trabalho fosse conclu\u00eddo at\u00e9 o fim da tarde desta quinta-feira, com retomada gradativa do abastecimento ap\u00f3s a pressuriza\u00e7\u00e3o da rede. No entanto, no in\u00edcio da noite, a interven\u00e7\u00e3o ainda n\u00e3o havia sido finalizada e um buraco permanecia aberto na pista.<\/p>\n\n\n\n<p>A reportagem entrou em contato com a Secretaria Municipal de Mobilidade Urbana (Semob), mas n\u00e3o obteve retorno at\u00e9 a publica\u00e7\u00e3o desta mat\u00e9ria.<\/p>\n\n\n\n<p><strong>Atualiza\u00e7\u00e3o<\/strong>: A \u00c1guas Cuiab\u00e1 informou que em raz\u00e3o complexidade do local e da profundidade da rede, n\u00e3o foi poss\u00edvel concluir o servi\u00e7o at\u00e9 o final da tarde desta quinta-feira (03), conforme anteriormente noticiado. A concession\u00e1ria posiciona que o reparo ser\u00e1 realizado durante a noite desta quinta e a madrugada de sexta-feira (4), devendo ser conclu\u00eddo at\u00e9 o in\u00edcio da manh\u00e3.<\/p>\n\n\n\n<p>No momento, agentes de tr\u00e2nsito encontram-se na regi\u00e3o organizando o tr\u00e1fego.<\/p>\n\n\n\n<p>Midianews<\/p>\n","protected":false},"excerpt":{"rendered":"<p>Uma obra da concession\u00e1ria \u00c1guas Cuiab\u00e1 provocou um forte congestionamento na Avenida Generoso Ponce, na regi\u00e3o central de Cuiab\u00e1, no in\u00edcio da noite desta quinta-feira (3). A interven\u00e7\u00e3o, pr\u00f3xima ao cruzamento com a Avenida da Prainha, ocupa duas faixas da via, deixando apenas outras duas livres para a passagem de ve\u00edculos. No hor\u00e1rio de pico, [&hellip;]<\/p>\n","protected":false},"author":2,"featured_media":25692,"comment_status":"closed","ping_status":"closed","sticky":false,"template":"","format":"standard","meta":{"_monsterinsights_skip_tracking":false,"footnotes":""},"categories":[1,48],"tags":[],"_links":{"self":[{"href":"https:\/\/nazarenonews.com.br\/index.php\/wp-json\/wp\/v2\/posts\/25691"}],"collection":[{"href":"https:\/\/nazarenonews.com.br\/index.php\/wp-json\/wp\/v2\/posts"}],"about":[{"href":"https:\/\/nazarenonews.com.br\/index.php\/wp-json\/wp\/v2\/types\/post"}],"author":[{"embeddable":true,"href":"https:\/\/nazarenonews.com.br\/index.php\/wp-json\/wp\/v2\/users\/2"}],"replies":[{"embeddable":true,"href":"https:\/\/nazarenonews.com.br\/index.php\/wp-json\/wp\/v2\/comments?post=25691"}],"version-history":[{"count":1,"href":"https:\/\/nazarenonews.com.br\/index.php\/wp-json\/wp\/v2\/posts\/25691\/revisions"}],"predecessor-version":[{"id":25693,"href":"https:\/\/nazarenonews.com.br\/index.php\/wp-json\/wp\/v2\/posts\/25691\/revisions\/25693"}],"wp:featuredmedia":[{"embeddable":true,"href":"https:\/\/nazarenonews.com.br\/index.php\/wp-json\/wp\/v2\/media\/25692"}],"wp:attachment":[{"href":"https:\/\/nazarenonews.com.br\/index.php\/wp-json\/wp\/v2\/media?parent=25691"}],"wp:term":[{"taxonomy":"category","embeddable":true,"href":"https:\/\/nazarenonews.com.br\/index.php\/wp-json\/wp\/v2\/categories?post=25691"},{"taxonomy":"post_tag","embeddable":true,"href":"https:\/\/nazarenonews.com.br\/index.php\/wp-json\/wp\/v2\/tags?post=25691"}],"curies":[{"name":"wp","href":"https:\/\/api.w.org\/{rel}","templated":true}]}}