{"id":25682,"date":"2026-09-04T07:16:49","date_gmt":"2026-09-04T11:16:49","guid":{"rendered":"https:\/\/nazarenonews.com.br\/?p=25682"},"modified":"2026-09-04T07:16:49","modified_gmt":"2026-09-04T11:16:49","slug":"bandidos-rendem-clientes-roubam-mounjaro-e-joias-na-drogasil-em-cuiaba","status":"publish","type":"post","link":"https:\/\/nazarenonews.com.br\/index.php\/2026\/09\/04\/bandidos-rendem-clientes-roubam-mounjaro-e-joias-na-drogasil-em-cuiaba\/","title":{"rendered":"Bandidos rendem clientes, roubam Mounjaro e joias na Drogasil em Cuiab\u00e1"},"content":{"rendered":"\n<p>A Pol\u00edcia Civil prendeu em flagrante, nessa quarta-feira (2), um bandido envolvdo no roubo \u00e0 Drogasil localizada na Avenida dos Florais, regi\u00e3o de condom\u00ednios de luxo em Cuiab\u00e1. Ele foi localizado por investigadores da Delegacia Especializada de Roubos e Furtos (Derf) com o ve\u00edculo utilizado no crime.<\/p>\n\n\n\n<p>O assalto ocorreu na tarde dA ter\u00e7a-feira (1\u00ba), quando dois criminosos entraram no estabelecimento se passando por clientes. Em seguida, anunciaram o roubo e, armados, obrigaram funcion\u00e1rios e clientes a permanecer deitados no ch\u00e3o enquanto recolhiam medicamentos e objetos pessoais.<\/p>\n\n\n\n<p>Foram levadas nove unidades de Mounjaro, quatro celulares, alian\u00e7as, an\u00e9is, uma corrente, um escapul\u00e1rio de ouro e a chave codificada de um ve\u00edculo. Uma das v\u00edtimas contou que teve uma arma apontada para a cabe\u00e7a enquanto estava na farm\u00e1cia acompanhada do filho de 8 anos.<\/p>\n\n\n\n<p>Ap\u00f3s o crime, investigadores analisaram imagens de c\u00e2meras de seguran\u00e7a da regi\u00e3o e identificaram um ve\u00edculo branco utilizado na fuga.<\/p>\n\n\n\n<p>O carro foi localizado e o condutor, preso. Levado \u00e0 Derf, ele foi interrogado e autuado por roubo majorado pelo concurso de pessoas e emprego de arma de fogo. As investiga\u00e7\u00f5es continuam para identificar e prender os demais envolvidos, localizar os bens roubados e esclarecer a participa\u00e7\u00e3o de cada bandido no crime.<\/p>\n","protected":false},"excerpt":{"rendered":"<p>A Pol\u00edcia Civil prendeu em flagrante, nessa quarta-feira (2), um bandido envolvdo no roubo \u00e0 Drogasil localizada na Avenida dos Florais, regi\u00e3o de condom\u00ednios de luxo em Cuiab\u00e1. Ele foi localizado por investigadores da Delegacia Especializada de Roubos e Furtos (Derf) com o ve\u00edculo utilizado no crime. O assalto ocorreu na tarde dA ter\u00e7a-feira (1\u00ba), [&hellip;]<\/p>\n","protected":false},"author":2,"featured_media":25683,"comment_status":"closed","ping_status":"closed","sticky":false,"template":"","format":"standard","meta":{"_monsterinsights_skip_tracking":false,"footnotes":""},"categories":[1],"tags":[],"_links":{"self":[{"href":"https:\/\/nazarenonews.com.br\/index.php\/wp-json\/wp\/v2\/posts\/25682"}],"collection":[{"href":"https:\/\/nazarenonews.com.br\/index.php\/wp-json\/wp\/v2\/posts"}],"about":[{"href":"https:\/\/nazarenonews.com.br\/index.php\/wp-json\/wp\/v2\/types\/post"}],"author":[{"embeddable":true,"href":"https:\/\/nazarenonews.com.br\/index.php\/wp-json\/wp\/v2\/users\/2"}],"replies":[{"embeddable":true,"href":"https:\/\/nazarenonews.com.br\/index.php\/wp-json\/wp\/v2\/comments?post=25682"}],"version-history":[{"count":1,"href":"https:\/\/nazarenonews.com.br\/index.php\/wp-json\/wp\/v2\/posts\/25682\/revisions"}],"predecessor-version":[{"id":25684,"href":"https:\/\/nazarenonews.com.br\/index.php\/wp-json\/wp\/v2\/posts\/25682\/revisions\/25684"}],"wp:featuredmedia":[{"embeddable":true,"href":"https:\/\/nazarenonews.com.br\/index.php\/wp-json\/wp\/v2\/media\/25683"}],"wp:attachment":[{"href":"https:\/\/nazarenonews.com.br\/index.php\/wp-json\/wp\/v2\/media?parent=25682"}],"wp:term":[{"taxonomy":"category","embeddable":true,"href":"https:\/\/nazarenonews.com.br\/index.php\/wp-json\/wp\/v2\/categories?post=25682"},{"taxonomy":"post_tag","embeddable":true,"href":"https:\/\/nazarenonews.com.br\/index.php\/wp-json\/wp\/v2\/tags?post=25682"}],"curies":[{"name":"wp","href":"https:\/\/api.w.org\/{rel}","templated":true}]}}