{"id":25679,"date":"2026-09-03T10:01:30","date_gmt":"2026-09-03T14:01:30","guid":{"rendered":"https:\/\/nazarenonews.com.br\/?p=25679"},"modified":"2026-09-03T10:01:30","modified_gmt":"2026-09-03T14:01:30","slug":"corpo-em-avancado-estado-de-decomposicao-e-encontrado-as-margens-de-rio","status":"publish","type":"post","link":"https:\/\/nazarenonews.com.br\/index.php\/2026\/09\/03\/corpo-em-avancado-estado-de-decomposicao-e-encontrado-as-margens-de-rio\/","title":{"rendered":"Corpo em avan\u00e7ado estado de decomposi\u00e7\u00e3o \u00e9 encontrado \u00e0s margens de rio"},"content":{"rendered":"\n<p>O corpo de um homem ainda n\u00e3o identificado foi encontrado \u00e0s margens do Rio Vermelho, na manh\u00e3 desta ter\u00e7a-feira (1\u00ba), na regi\u00e3o conhecida como Praia do Rio Vermelho, em Rondon\u00f3polis (216 km de Cuiab\u00e1).&nbsp;<\/p>\n\n\n\n<p>A Pol\u00edcia Militar foi acionada por volta das 9h20, ap\u00f3s receber informa\u00e7\u00f5es sobre a localiza\u00e7\u00e3o do cad\u00e1ver na regi\u00e3o. Equipes do Corpo de Bombeiros, da Pol\u00edcia Civil e da Per\u00edcia Oficial e Identifica\u00e7\u00e3o T\u00e9cnica (Politec) tamb\u00e9m foram mobilizadas para atender a ocorr\u00eancia.<\/p>\n\n\n\n<p>Segundo o Corpo de Bombeiros, o homem foi localizado \u00e0s margens do rio, pr\u00f3ximo ao bairro Jardim Magn\u00f3lia. Para realizar a retirada do corpo, os militares utilizaram uma embarca\u00e7\u00e3o.<\/p>\n\n\n\n<p>Ainda conforme os bombeiros, havia sinais de que a v\u00edtima estava no rio h\u00e1 mais de tr\u00eas dias e o corpo j\u00e1 se encontrava em avan\u00e7ado estado de decomposi\u00e7\u00e3o.<\/p>\n\n\n\n<p>Devido \u00e0s condi\u00e7\u00f5es do cad\u00e1ver, n\u00e3o foi poss\u00edvel realizar a identifica\u00e7\u00e3o do homem no local.<\/p>\n\n\n\n<p>A \u00e1rea foi periciada e o corpo encaminhado para os procedimentos necess\u00e1rios. A Pol\u00edcia Civil investiga o caso e dever\u00e1 apurar a identidade da v\u00edtima e as circunst\u00e2ncias da morte.<\/p>\n\n\n\n<p>Folha do Estado<\/p>\n","protected":false},"excerpt":{"rendered":"<p>O corpo de um homem ainda n\u00e3o identificado foi encontrado \u00e0s margens do Rio Vermelho, na manh\u00e3 desta ter\u00e7a-feira (1\u00ba), na regi\u00e3o conhecida como Praia do Rio Vermelho, em Rondon\u00f3polis (216 km de Cuiab\u00e1).&nbsp; A Pol\u00edcia Militar foi acionada por volta das 9h20, ap\u00f3s receber informa\u00e7\u00f5es sobre a localiza\u00e7\u00e3o do cad\u00e1ver na regi\u00e3o. Equipes do [&hellip;]<\/p>\n","protected":false},"author":2,"featured_media":25680,"comment_status":"closed","ping_status":"closed","sticky":false,"template":"","format":"standard","meta":{"_monsterinsights_skip_tracking":false,"footnotes":""},"categories":[36,51,1],"tags":[],"_links":{"self":[{"href":"https:\/\/nazarenonews.com.br\/index.php\/wp-json\/wp\/v2\/posts\/25679"}],"collection":[{"href":"https:\/\/nazarenonews.com.br\/index.php\/wp-json\/wp\/v2\/posts"}],"about":[{"href":"https:\/\/nazarenonews.com.br\/index.php\/wp-json\/wp\/v2\/types\/post"}],"author":[{"embeddable":true,"href":"https:\/\/nazarenonews.com.br\/index.php\/wp-json\/wp\/v2\/users\/2"}],"replies":[{"embeddable":true,"href":"https:\/\/nazarenonews.com.br\/index.php\/wp-json\/wp\/v2\/comments?post=25679"}],"version-history":[{"count":1,"href":"https:\/\/nazarenonews.com.br\/index.php\/wp-json\/wp\/v2\/posts\/25679\/revisions"}],"predecessor-version":[{"id":25681,"href":"https:\/\/nazarenonews.com.br\/index.php\/wp-json\/wp\/v2\/posts\/25679\/revisions\/25681"}],"wp:featuredmedia":[{"embeddable":true,"href":"https:\/\/nazarenonews.com.br\/index.php\/wp-json\/wp\/v2\/media\/25680"}],"wp:attachment":[{"href":"https:\/\/nazarenonews.com.br\/index.php\/wp-json\/wp\/v2\/media?parent=25679"}],"wp:term":[{"taxonomy":"category","embeddable":true,"href":"https:\/\/nazarenonews.com.br\/index.php\/wp-json\/wp\/v2\/categories?post=25679"},{"taxonomy":"post_tag","embeddable":true,"href":"https:\/\/nazarenonews.com.br\/index.php\/wp-json\/wp\/v2\/tags?post=25679"}],"curies":[{"name":"wp","href":"https:\/\/api.w.org\/{rel}","templated":true}]}}