{"id":25676,"date":"2026-09-03T09:57:57","date_gmt":"2026-09-03T13:57:57","guid":{"rendered":"https:\/\/nazarenonews.com.br\/?p=25676"},"modified":"2026-09-03T09:57:57","modified_gmt":"2026-09-03T13:57:57","slug":"crise-de-ansiedade-faz-adolescente-de-14-anos-denunciar-tio-por-abusos-sexuais-cometidos-desde-os-10-anos","status":"publish","type":"post","link":"https:\/\/nazarenonews.com.br\/index.php\/2026\/09\/03\/crise-de-ansiedade-faz-adolescente-de-14-anos-denunciar-tio-por-abusos-sexuais-cometidos-desde-os-10-anos\/","title":{"rendered":"Crise de ansiedade faz adolescente de 14 anos denunciar tio por abusos sexuais cometidos desde os 10 anos"},"content":{"rendered":"\n<p>Uma adolescente de 14 anos relatou ter sido v\u00edtima de abusos sexuais praticados pelo pr\u00f3prio tio desde quando tinha 10 anos. O caso foi registrado pela Pol\u00edcia Militar na ter\u00e7a-feira (1\u00ba), em Primavera do Leste (239 km de Cuiab\u00e1), ap\u00f3s a jovem procurar atendimento em uma Unidade de Pronto Atendimento (UPA) durante uma crise de ansiedade.<\/p>\n\n\n\n<p>Conforme o boletim de ocorr\u00eancia, durante o atendimento m\u00e9dico, a adolescente contou ao profissional de sa\u00fade que as crises de ansiedade estariam relacionadas \u00e0s lembran\u00e7as dos abusos. Segundo o relato, os epis\u00f3dios teriam acontecido em diferentes ocasi\u00f5es.<\/p>\n\n\n\n<p>A jovem n\u00e3o soube informar quando teria ocorrido o \u00faltimo abuso, mas afirmou que as situa\u00e7\u00f5es come\u00e7aram quando tinha 10 anos.<\/p>\n\n\n\n<p>Diante da revela\u00e7\u00e3o, a Pol\u00edcia Militar foi acionada pelo Centro de Opera\u00e7\u00f5es da Pol\u00edcia Militar (Copom) e enviou uma equipe at\u00e9 a unidade de sa\u00fade para acompanhar a ocorr\u00eancia.<\/p>\n\n\n\n<p>A m\u00e3e da adolescente permaneceu ao lado da filha durante o atendimento m\u00e9dico e o registro do caso. O Conselho Tutelar tamb\u00e9m foi acionado e acompanhou os procedimentos realizados na UPA.<\/p>\n\n\n\n<p>A ocorr\u00eancia foi registrada como estupro de vulner\u00e1vel e encaminhada \u00e0s autoridades competentes. A Pol\u00edcia Civil dever\u00e1 investigar o relato da adolescente, apurar as circunst\u00e2ncias dos supostos abusos e adotar as medidas cab\u00edveis.<\/p>\n\n\n\n<p>A identidade da v\u00edtima \u00e9 preservada por se tratar de adolescente e de um caso envolvendo viol\u00eancia sexual.<\/p>\n\n\n\n<p>Folha do Estado<\/p>\n","protected":false},"excerpt":{"rendered":"<p>Uma adolescente de 14 anos relatou ter sido v\u00edtima de abusos sexuais praticados pelo pr\u00f3prio tio desde quando tinha 10 anos. O caso foi registrado pela Pol\u00edcia Militar na ter\u00e7a-feira (1\u00ba), em Primavera do Leste (239 km de Cuiab\u00e1), ap\u00f3s a jovem procurar atendimento em uma Unidade de Pronto Atendimento (UPA) durante uma crise de [&hellip;]<\/p>\n","protected":false},"author":2,"featured_media":25677,"comment_status":"closed","ping_status":"closed","sticky":false,"template":"","format":"standard","meta":{"_monsterinsights_skip_tracking":false,"footnotes":""},"categories":[36,51,1],"tags":[],"_links":{"self":[{"href":"https:\/\/nazarenonews.com.br\/index.php\/wp-json\/wp\/v2\/posts\/25676"}],"collection":[{"href":"https:\/\/nazarenonews.com.br\/index.php\/wp-json\/wp\/v2\/posts"}],"about":[{"href":"https:\/\/nazarenonews.com.br\/index.php\/wp-json\/wp\/v2\/types\/post"}],"author":[{"embeddable":true,"href":"https:\/\/nazarenonews.com.br\/index.php\/wp-json\/wp\/v2\/users\/2"}],"replies":[{"embeddable":true,"href":"https:\/\/nazarenonews.com.br\/index.php\/wp-json\/wp\/v2\/comments?post=25676"}],"version-history":[{"count":1,"href":"https:\/\/nazarenonews.com.br\/index.php\/wp-json\/wp\/v2\/posts\/25676\/revisions"}],"predecessor-version":[{"id":25678,"href":"https:\/\/nazarenonews.com.br\/index.php\/wp-json\/wp\/v2\/posts\/25676\/revisions\/25678"}],"wp:featuredmedia":[{"embeddable":true,"href":"https:\/\/nazarenonews.com.br\/index.php\/wp-json\/wp\/v2\/media\/25677"}],"wp:attachment":[{"href":"https:\/\/nazarenonews.com.br\/index.php\/wp-json\/wp\/v2\/media?parent=25676"}],"wp:term":[{"taxonomy":"category","embeddable":true,"href":"https:\/\/nazarenonews.com.br\/index.php\/wp-json\/wp\/v2\/categories?post=25676"},{"taxonomy":"post_tag","embeddable":true,"href":"https:\/\/nazarenonews.com.br\/index.php\/wp-json\/wp\/v2\/tags?post=25676"}],"curies":[{"name":"wp","href":"https:\/\/api.w.org\/{rel}","templated":true}]}}