{"id":25673,"date":"2026-09-03T09:51:01","date_gmt":"2026-09-03T13:51:01","guid":{"rendered":"https:\/\/nazarenonews.com.br\/?p=25673"},"modified":"2026-09-03T09:51:01","modified_gmt":"2026-09-03T13:51:01","slug":"homem-com-tornozeleira-desligada-e-preso-apos-ameacar-pessoas-com-arma-de-brinquedo-em-praca","status":"publish","type":"post","link":"https:\/\/nazarenonews.com.br\/index.php\/2026\/09\/03\/homem-com-tornozeleira-desligada-e-preso-apos-ameacar-pessoas-com-arma-de-brinquedo-em-praca\/","title":{"rendered":"Homem com tornozeleira desligada \u00e9 preso ap\u00f3s amea\u00e7ar pessoas com arma de brinquedo em pra\u00e7a"},"content":{"rendered":"\n<p>Um homem de 37 anos, identificado pelas iniciais F.C.M., foi preso na tarde desta quarta-feira (2) ap\u00f3s ser acusado de amea\u00e7ar pessoas com um simulacro de arma de fogo em uma pra\u00e7a no centro de C\u00e1ceres (222 km de Cuiab\u00e1). O suspeito utilizava tornozeleira eletr\u00f4nica, mas o equipamento estava desligado no momento da abordagem.<\/p>\n\n\n\n<p>Segundo a Pol\u00edcia Militar, por volta das 15h30, uma equipe recebeu informa\u00e7\u00f5es de que um homem vestido com camiseta azul e branca estaria na Pra\u00e7a Bar\u00e3o do Rio Branco amea\u00e7ando pessoas com uma poss\u00edvel arma de fogo.<\/p>\n\n\n\n<p>Os policiais foram at\u00e9 o local e localizaram o suspeito. Durante a abordagem, os militares deram ordem para que ele se deitasse no ch\u00e3o e colocasse as m\u00e3os sobre a cabe\u00e7a, mas o homem n\u00e3o obedeceu.<\/p>\n\n\n\n<p>Na sequ\u00eancia, conforme o relato policial, F.C.M. levou uma das m\u00e3os at\u00e9 a cintura, onde havia um volume. Diante da possibilidade de ele estar armado e considerando a presen\u00e7a de v\u00e1rias pessoas na pra\u00e7a, os militares avan\u00e7aram e conseguiram imobiliz\u00e1-lo.<\/p>\n\n\n\n<p>Durante a revista, os policiais encontraram na cintura do suspeito um simulacro de arma de fogo.<\/p>\n\n\n\n<p>Ainda segundo a PM, foi constatado que o homem utilizava tornozeleira eletr\u00f4nica, por\u00e9m o equipamento estava desligado. Os militares tamb\u00e9m verificaram que ele apresentava sinais de embriaguez.<\/p>\n\n\n\n<p>O suspeito foi algemado e encaminhado \u00e0 Delegacia de Pol\u00edcia Civil, onde foi autuado pelos crimes de amea\u00e7a, desobedi\u00eancia e resist\u00eancia.<\/p>\n\n\n\n<p>O caso dever\u00e1 ser apurado pela Pol\u00edcia Civil.<\/p>\n\n\n\n<p>Folha do Estado<\/p>\n","protected":false},"excerpt":{"rendered":"<p>Um homem de 37 anos, identificado pelas iniciais F.C.M., foi preso na tarde desta quarta-feira (2) ap\u00f3s ser acusado de amea\u00e7ar pessoas com um simulacro de arma de fogo em uma pra\u00e7a no centro de C\u00e1ceres (222 km de Cuiab\u00e1). O suspeito utilizava tornozeleira eletr\u00f4nica, mas o equipamento estava desligado no momento da abordagem. Segundo [&hellip;]<\/p>\n","protected":false},"author":2,"featured_media":25674,"comment_status":"closed","ping_status":"closed","sticky":false,"template":"","format":"standard","meta":{"_monsterinsights_skip_tracking":false,"footnotes":""},"categories":[36,51,1],"tags":[],"_links":{"self":[{"href":"https:\/\/nazarenonews.com.br\/index.php\/wp-json\/wp\/v2\/posts\/25673"}],"collection":[{"href":"https:\/\/nazarenonews.com.br\/index.php\/wp-json\/wp\/v2\/posts"}],"about":[{"href":"https:\/\/nazarenonews.com.br\/index.php\/wp-json\/wp\/v2\/types\/post"}],"author":[{"embeddable":true,"href":"https:\/\/nazarenonews.com.br\/index.php\/wp-json\/wp\/v2\/users\/2"}],"replies":[{"embeddable":true,"href":"https:\/\/nazarenonews.com.br\/index.php\/wp-json\/wp\/v2\/comments?post=25673"}],"version-history":[{"count":1,"href":"https:\/\/nazarenonews.com.br\/index.php\/wp-json\/wp\/v2\/posts\/25673\/revisions"}],"predecessor-version":[{"id":25675,"href":"https:\/\/nazarenonews.com.br\/index.php\/wp-json\/wp\/v2\/posts\/25673\/revisions\/25675"}],"wp:featuredmedia":[{"embeddable":true,"href":"https:\/\/nazarenonews.com.br\/index.php\/wp-json\/wp\/v2\/media\/25674"}],"wp:attachment":[{"href":"https:\/\/nazarenonews.com.br\/index.php\/wp-json\/wp\/v2\/media?parent=25673"}],"wp:term":[{"taxonomy":"category","embeddable":true,"href":"https:\/\/nazarenonews.com.br\/index.php\/wp-json\/wp\/v2\/categories?post=25673"},{"taxonomy":"post_tag","embeddable":true,"href":"https:\/\/nazarenonews.com.br\/index.php\/wp-json\/wp\/v2\/tags?post=25673"}],"curies":[{"name":"wp","href":"https:\/\/api.w.org\/{rel}","templated":true}]}}