{"id":25670,"date":"2026-09-03T09:39:08","date_gmt":"2026-09-03T13:39:08","guid":{"rendered":"https:\/\/nazarenonews.com.br\/?p=25670"},"modified":"2026-09-03T09:39:08","modified_gmt":"2026-09-03T13:39:08","slug":"homem-mata-esposa-atira-no-filho-e-acaba-morto-em-confronto-com-a-forca-tatica-em-mt","status":"publish","type":"post","link":"https:\/\/nazarenonews.com.br\/index.php\/2026\/09\/03\/homem-mata-esposa-atira-no-filho-e-acaba-morto-em-confronto-com-a-forca-tatica-em-mt\/","title":{"rendered":"Homem mata esposa, atira no filho e acaba morto em confronto com a For\u00e7a T\u00e1tica em MT"},"content":{"rendered":"\n<p>F\u00e1bio J\u00fanior Janu\u00e1rio Dias, de 42 anos, matou a pr\u00f3pria esposa, Suenilda Vieira, de 37 anos, atirou contra o filho e tentou atingir a filha na noite dessa quarta-feira (2), em uma propriedade rural de Araguaiana (a 565 km de Cuiab\u00e1). O homem, que estava armado e b\u00eabado, morreu em confronto com policiais da For\u00e7a T\u00e1tica durante a madrugada.<\/p>\n\n\n\n<p>A Pol\u00edcia Militar foi acionada inicialmente ap\u00f3s informa\u00e7\u00f5es de que um homem havia atirado contra o pr\u00f3prio filho. Enquanto as equipes se deslocavam para a regi\u00e3o, foram informadas de que a situa\u00e7\u00e3o era ainda mais grave: ele havia matado a pr\u00f3pria esposa, baleado o filho na perna e tentado atirar contra a filha, que conseguiu fugir sem ser atingida.<\/p>\n\n\n\n<p>Na tentativa de impedir novas agress\u00f5es, o filho entrou em luta corporal com o pai e conseguiu esfaque\u00e1-lo. Por\u00e9m, mesmo ferido, o homem fugiu da propriedade utilizando um trator e seguiu em dire\u00e7\u00e3o a uma fazenda vizinha.<\/p>\n\n\n\n<p>Equipes da For\u00e7a T\u00e1tica, do N\u00facleo da Pol\u00edcia Militar de Araguaiana e profissionais de sa\u00fade seguiram at\u00e9 a propriedade onde havia informa\u00e7\u00f5es de que o assassino estaria escondido. Durante as buscas na sede da fazenda, os policiais encontraram rastros de sangue e sinais de que ele estaria em um dos quartos, mas, ao chegar no c\u00f4modo, o homem j\u00e1 havia escapado para uma regi\u00e3o de mata.<\/p>\n\n\n\n<p>Durante a madrugada, os policiais iniciaram buscas pela mata fechada e localizaram F\u00e1bio, que estava pr\u00f3ximo a uma cerca. Segundo a PM, ele atirou contra a equipe ao perceber a aproxima\u00e7\u00e3o dos agentes.<\/p>\n\n\n\n<p>Diante da agress\u00e3o, os policiais revidaram e balearam o assassino, que caiu no ch\u00e3o. Na sequ\u00eancia, uma equipe de sa\u00fade foi acionada, mas o \u00f3bito foi constatado ainda no local.<\/p>\n\n\n\n<p>Com o assassino, os policiais apreenderam uma espingarda calibre .36, al\u00e9m de muni\u00e7\u00f5es e estojos deflagrados.<\/p>\n\n\n\n<p>A \u00e1rea foi isolada e preservada para os trabalhos da Pol\u00edcia Civil e da Per\u00edcia Oficial e Identifica\u00e7\u00e3o T\u00e9cnica (Politec). Ap\u00f3s a realiza\u00e7\u00e3o da per\u00edcia e a remo\u00e7\u00e3o do corpo, as provid\u00eancias legais foram adotadas e o caso encaminhado \u00e0 autoridade policial.<\/p>\n\n\n\n<p><strong>Denuncie<\/strong><\/p>\n\n\n\n<p>A viol\u00eancia contra a mulher n\u00e3o pode ser ignorada nem ficar impune. Em Mato Grosso, h\u00e1 canais gratuitos e seguros para denunciar agress\u00f5es, amea\u00e7as ou risco de feminic\u00eddio. As den\u00fancias podem ser an\u00f4nimas, e o boletim de ocorr\u00eancia pode ser feito online, por meio da Delegacia Digital:&nbsp;<strong><a href=\"https:\/\/delegaciadigital.pjc.mt.gov.br\/\" target=\"_blank\" rel=\"noreferrer noopener\">https:\/\/delegaciadigital.pjc.mt.gov.br\/<\/a><\/strong>.<\/p>\n\n\n\n<p>Em caso de emerg\u00eancia ou flagrante, procure ajuda imediata pelos telefones 190 (Pol\u00edcia Militar), 197 (Pol\u00edcia Civil), 181 (Disque Den\u00fancia) ou 180 (Central de Atendimento \u00e0 Mulher). Em Cuiab\u00e1, tamb\u00e9m \u00e9 poss\u00edvel acionar a Patrulha Maria da Penha pelo n\u00famero (65) 98170-0199.<\/p>\n\n\n\n<p>O atendimento presencial est\u00e1 dispon\u00edvel na Delegacia Especializada de Defesa da Mulher de Cuiab\u00e1 e na Delegacia da Mulher de V\u00e1rzea Grande. A pena para crimes contra a mulher pode chegar a 40 anos de pris\u00e3o, conforme estabelecido pela Lei Federal n\u00ba 14.994\/2024, conhecida como Pacote Antifeminic\u00eddio.<\/p>\n\n\n\n<p>Rep\u00f3rterMT<\/p>\n","protected":false},"excerpt":{"rendered":"<p>F\u00e1bio J\u00fanior Janu\u00e1rio Dias, de 42 anos, matou a pr\u00f3pria esposa, Suenilda Vieira, de 37 anos, atirou contra o filho e tentou atingir a filha na noite dessa quarta-feira (2), em uma propriedade rural de Araguaiana (a 565 km de Cuiab\u00e1). O homem, que estava armado e b\u00eabado, morreu em confronto com policiais da For\u00e7a [&hellip;]<\/p>\n","protected":false},"author":2,"featured_media":25671,"comment_status":"closed","ping_status":"closed","sticky":false,"template":"","format":"standard","meta":{"_monsterinsights_skip_tracking":false,"footnotes":""},"categories":[36,51,1],"tags":[],"_links":{"self":[{"href":"https:\/\/nazarenonews.com.br\/index.php\/wp-json\/wp\/v2\/posts\/25670"}],"collection":[{"href":"https:\/\/nazarenonews.com.br\/index.php\/wp-json\/wp\/v2\/posts"}],"about":[{"href":"https:\/\/nazarenonews.com.br\/index.php\/wp-json\/wp\/v2\/types\/post"}],"author":[{"embeddable":true,"href":"https:\/\/nazarenonews.com.br\/index.php\/wp-json\/wp\/v2\/users\/2"}],"replies":[{"embeddable":true,"href":"https:\/\/nazarenonews.com.br\/index.php\/wp-json\/wp\/v2\/comments?post=25670"}],"version-history":[{"count":1,"href":"https:\/\/nazarenonews.com.br\/index.php\/wp-json\/wp\/v2\/posts\/25670\/revisions"}],"predecessor-version":[{"id":25672,"href":"https:\/\/nazarenonews.com.br\/index.php\/wp-json\/wp\/v2\/posts\/25670\/revisions\/25672"}],"wp:featuredmedia":[{"embeddable":true,"href":"https:\/\/nazarenonews.com.br\/index.php\/wp-json\/wp\/v2\/media\/25671"}],"wp:attachment":[{"href":"https:\/\/nazarenonews.com.br\/index.php\/wp-json\/wp\/v2\/media?parent=25670"}],"wp:term":[{"taxonomy":"category","embeddable":true,"href":"https:\/\/nazarenonews.com.br\/index.php\/wp-json\/wp\/v2\/categories?post=25670"},{"taxonomy":"post_tag","embeddable":true,"href":"https:\/\/nazarenonews.com.br\/index.php\/wp-json\/wp\/v2\/tags?post=25670"}],"curies":[{"name":"wp","href":"https:\/\/api.w.org\/{rel}","templated":true}]}}