{"id":25659,"date":"2026-09-03T07:09:41","date_gmt":"2026-09-03T11:09:41","guid":{"rendered":"https:\/\/nazarenonews.com.br\/?p=25659"},"modified":"2026-09-03T07:09:42","modified_gmt":"2026-09-03T11:09:42","slug":"lula-tenta-se-distanciar-de-caso-vorcaro-moraes-e-focar-agenda-positiva","status":"publish","type":"post","link":"https:\/\/nazarenonews.com.br\/index.php\/2026\/09\/03\/lula-tenta-se-distanciar-de-caso-vorcaro-moraes-e-focar-agenda-positiva\/","title":{"rendered":"Lula tenta se distanciar de caso Vorcaro\/Moraes e focar agenda positiva"},"content":{"rendered":"\n<p>Com o avan\u00e7o de propostas de interesse do governo no Congresso, o presidente\u00a0<a href=\"https:\/\/www.metropoles.com\/tag\/lula\" target=\"_blank\" rel=\"noreferrer noopener\">Luiz In\u00e1cio Lula da Silva (PT)<\/a>\u00a0aposta nas pautas positivas para se distanciar da crise que atingiu o Supremo Tribunal Federal (<a href=\"https:\/\/portal.stf.jus.br\/\">STF<\/a>) ap\u00f3s a divulga\u00e7\u00e3o do relat\u00f3rio da Pol\u00edcia Federal (<a href=\"https:\/\/www.gov.br\/pf\/pt-br\">PF<\/a>) que aponta a rela\u00e7\u00e3o entre o ministro Alexandre de Moraes e o ex-banqueiro Daniel Vorcaro, do Banco Master.<\/p>\n\n\n\n<p>Desde que os\u00a0<a href=\"https:\/\/www.metropoles.com\/brasil\/mendonca-x-moraes-fachin-decidira-se-relatorio-sobre-master-vai-a-plenario\">di\u00e1logos vieram a p\u00fablico,<\/a>\u00a0o petista tem evitado declara\u00e7\u00f5es sobre o tema para reduzir desgastes. Ainda assim,\u00a0entre ter\u00e7a-feira (1\u00ba\/9) e quarta-feira (2\/9), Lula manteve conversas, separadamente, com o presidente do STF, Edson Fachin, os ministros Gilmar Mendes e Andr\u00e9 Mendon\u00e7a e o diretor-geral da PF, Andrei Rodrigues.<\/p>\n\n\n\n<p>Como noticiou o\u00a0<strong>Metr\u00f3poles<\/strong>,\u00a0<a href=\"https:\/\/www.metropoles.com\/colunas\/andreza-matais\/lula-tenta-conter-crise-saida-preve-tregua-ate-eleicao-e-votacao-virtual\">na coluna de Andreza Matais<\/a>, o chefe do Executivo tem se mostrado preocupado com o rompimento entre Andrei e Mendon\u00e7a, relator do inqu\u00e9rito do Banco Master. Lula teme o isolamento do diretor-geral da PF, que se distanciou do ministro da Justi\u00e7a, Wellington Silva, e do chefe da Advocacia-Geral da Uni\u00e3o (AGU), Jorge Messias.<\/p>\n\n\n\n<p><strong>Nas conversas individuais, Lula teria afirmado que n\u00e3o \u00e9 de seu interesse alimentar a crise e que seu objetivo \u00e9 ajudar a pacificar o ambiente<\/strong>.<\/p>\n\n\n\n<p>Aliados defendem que o presidente mantenha dist\u00e2ncia do caso. Embora Lula n\u00e3o esteja envolvido no epis\u00f3dio, a\u00a0<strong>avalia\u00e7\u00e3o \u00e9 de que h\u00e1 tend\u00eancia de associar Moraes ao governo, o que pode respingar na campanha de reelei\u00e7\u00e3o em andamento<\/strong>.<\/p>\n\n\n\n<p>Diante desse cen\u00e1rio, o presidente indicou a aliados que\u00a0<a href=\"https:\/\/www.metropoles.com\/colunas\/igor-gadelha\/lula-vai-manter-distancia-calculada-de-moraes\">manter\u00e1 dist\u00e2ncia calculada do caso<\/a>\u00a0pelo maior tempo poss\u00edvel. Se for questionado, defender\u00e1 a pacifica\u00e7\u00e3o, mas sem fazer defesa expl\u00edcita do ministro.<\/p>\n\n\n\n<p>Metr\u00f3poles <\/p>\n","protected":false},"excerpt":{"rendered":"<p>Com o avan\u00e7o de propostas de interesse do governo no Congresso, o presidente\u00a0Luiz In\u00e1cio Lula da Silva (PT)\u00a0aposta nas pautas positivas para se distanciar da crise que atingiu o Supremo Tribunal Federal (STF) ap\u00f3s a divulga\u00e7\u00e3o do relat\u00f3rio da Pol\u00edcia Federal (PF) que aponta a rela\u00e7\u00e3o entre o ministro Alexandre de Moraes e o ex-banqueiro [&hellip;]<\/p>\n","protected":false},"author":2,"featured_media":25660,"comment_status":"closed","ping_status":"closed","sticky":false,"template":"","format":"standard","meta":{"_monsterinsights_skip_tracking":false,"footnotes":""},"categories":[37,50,1,48],"tags":[],"_links":{"self":[{"href":"https:\/\/nazarenonews.com.br\/index.php\/wp-json\/wp\/v2\/posts\/25659"}],"collection":[{"href":"https:\/\/nazarenonews.com.br\/index.php\/wp-json\/wp\/v2\/posts"}],"about":[{"href":"https:\/\/nazarenonews.com.br\/index.php\/wp-json\/wp\/v2\/types\/post"}],"author":[{"embeddable":true,"href":"https:\/\/nazarenonews.com.br\/index.php\/wp-json\/wp\/v2\/users\/2"}],"replies":[{"embeddable":true,"href":"https:\/\/nazarenonews.com.br\/index.php\/wp-json\/wp\/v2\/comments?post=25659"}],"version-history":[{"count":1,"href":"https:\/\/nazarenonews.com.br\/index.php\/wp-json\/wp\/v2\/posts\/25659\/revisions"}],"predecessor-version":[{"id":25661,"href":"https:\/\/nazarenonews.com.br\/index.php\/wp-json\/wp\/v2\/posts\/25659\/revisions\/25661"}],"wp:featuredmedia":[{"embeddable":true,"href":"https:\/\/nazarenonews.com.br\/index.php\/wp-json\/wp\/v2\/media\/25660"}],"wp:attachment":[{"href":"https:\/\/nazarenonews.com.br\/index.php\/wp-json\/wp\/v2\/media?parent=25659"}],"wp:term":[{"taxonomy":"category","embeddable":true,"href":"https:\/\/nazarenonews.com.br\/index.php\/wp-json\/wp\/v2\/categories?post=25659"},{"taxonomy":"post_tag","embeddable":true,"href":"https:\/\/nazarenonews.com.br\/index.php\/wp-json\/wp\/v2\/tags?post=25659"}],"curies":[{"name":"wp","href":"https:\/\/api.w.org\/{rel}","templated":true}]}}