{"id":25656,"date":"2026-09-03T07:04:48","date_gmt":"2026-09-03T11:04:48","guid":{"rendered":"https:\/\/nazarenonews.com.br\/?p=25656"},"modified":"2026-09-03T07:04:48","modified_gmt":"2026-09-03T11:04:48","slug":"mendonca-reforca-seguranca-e-passa-a-usar-colete-balistica-em-meio-a-tensao-no-stf-sei-com-quem-estou-lidando","status":"publish","type":"post","link":"https:\/\/nazarenonews.com.br\/index.php\/2026\/09\/03\/mendonca-reforca-seguranca-e-passa-a-usar-colete-balistica-em-meio-a-tensao-no-stf-sei-com-quem-estou-lidando\/","title":{"rendered":"Mendon\u00e7a refor\u00e7a seguran\u00e7a e passa a usar colete bal\u00edstica em meio \u00e0 tens\u00e3o no STF: &#8220;Sei com quem estou lidando&#8221;"},"content":{"rendered":"\n<p>A seguran\u00e7a do ministro Andr\u00e9 Mendon\u00e7a, do Supremo Tribunal Federal (STF), foi refor\u00e7ada recentemente diante do aumento das tens\u00f5es relacionadas \u00e0s investiga\u00e7\u00f5es envolvendo o caso Banco Master e de mensagens atribu\u00eddas a pessoas ligadas ao processo.<\/p>\n\n\n\n<p>A nova estrutura de prote\u00e7\u00e3o prev\u00ea a amplia\u00e7\u00e3o da equipe respons\u00e1vel pela escolta do magistrado e um acompanhamento mais rigoroso de seus deslocamentos. As medidas foram adotadas ap\u00f3s orienta\u00e7\u00f5es do setor de seguran\u00e7a do Poder Judici\u00e1rio.<\/p>\n\n\n\n<p>Entre as novas diretrizes est\u00e1 tamb\u00e9m a possibilidade de utiliza\u00e7\u00e3o de colete \u00e0 prova de balas durante determinadas agendas p\u00fablicas de Mendon\u00e7a. A medida integra o protocolo de prote\u00e7\u00e3o estabelecido a partir da avalia\u00e7\u00e3o de risco feita pelas autoridades respons\u00e1veis pela seguran\u00e7a do ministro.<\/p>\n\n\n\n<p>O refor\u00e7o ocorre em um momento de maior exposi\u00e7\u00e3o de integrantes do Judici\u00e1rio envolvidos direta ou indiretamente em decis\u00f5es e investiga\u00e7\u00f5es relacionadas ao Banco Master. O conte\u00fado de mensagens atribu\u00eddas a envolvidos no caso tamb\u00e9m contribuiu para elevar a preocupa\u00e7\u00e3o das autoridades.<\/p>\n\n\n\n<p>A avalia\u00e7\u00e3o de risco considera o cen\u00e1rio atual e a necessidade de ampliar as medidas preventivas para preservar a integridade f\u00edsica do ministro durante compromissos oficiais e deslocamentos.<\/p>\n\n\n\n<p>At\u00e9 o momento, o refor\u00e7o da seguran\u00e7a \u00e9 tratado como uma medida preventiva, baseada na an\u00e1lise das autoridades respons\u00e1veis, sem que isso signifique necessariamente a exist\u00eancia de uma amea\u00e7a espec\u00edfica j\u00e1 confirmada contra Mendon\u00e7a.<\/p>\n","protected":false},"excerpt":{"rendered":"<p>A seguran\u00e7a do ministro Andr\u00e9 Mendon\u00e7a, do Supremo Tribunal Federal (STF), foi refor\u00e7ada recentemente diante do aumento das tens\u00f5es relacionadas \u00e0s investiga\u00e7\u00f5es envolvendo o caso Banco Master e de mensagens atribu\u00eddas a pessoas ligadas ao processo. A nova estrutura de prote\u00e7\u00e3o prev\u00ea a amplia\u00e7\u00e3o da equipe respons\u00e1vel pela escolta do magistrado e um acompanhamento mais [&hellip;]<\/p>\n","protected":false},"author":2,"featured_media":25657,"comment_status":"closed","ping_status":"closed","sticky":false,"template":"","format":"standard","meta":{"_monsterinsights_skip_tracking":false,"footnotes":""},"categories":[37,50,1,48],"tags":[],"_links":{"self":[{"href":"https:\/\/nazarenonews.com.br\/index.php\/wp-json\/wp\/v2\/posts\/25656"}],"collection":[{"href":"https:\/\/nazarenonews.com.br\/index.php\/wp-json\/wp\/v2\/posts"}],"about":[{"href":"https:\/\/nazarenonews.com.br\/index.php\/wp-json\/wp\/v2\/types\/post"}],"author":[{"embeddable":true,"href":"https:\/\/nazarenonews.com.br\/index.php\/wp-json\/wp\/v2\/users\/2"}],"replies":[{"embeddable":true,"href":"https:\/\/nazarenonews.com.br\/index.php\/wp-json\/wp\/v2\/comments?post=25656"}],"version-history":[{"count":1,"href":"https:\/\/nazarenonews.com.br\/index.php\/wp-json\/wp\/v2\/posts\/25656\/revisions"}],"predecessor-version":[{"id":25658,"href":"https:\/\/nazarenonews.com.br\/index.php\/wp-json\/wp\/v2\/posts\/25656\/revisions\/25658"}],"wp:featuredmedia":[{"embeddable":true,"href":"https:\/\/nazarenonews.com.br\/index.php\/wp-json\/wp\/v2\/media\/25657"}],"wp:attachment":[{"href":"https:\/\/nazarenonews.com.br\/index.php\/wp-json\/wp\/v2\/media?parent=25656"}],"wp:term":[{"taxonomy":"category","embeddable":true,"href":"https:\/\/nazarenonews.com.br\/index.php\/wp-json\/wp\/v2\/categories?post=25656"},{"taxonomy":"post_tag","embeddable":true,"href":"https:\/\/nazarenonews.com.br\/index.php\/wp-json\/wp\/v2\/tags?post=25656"}],"curies":[{"name":"wp","href":"https:\/\/api.w.org\/{rel}","templated":true}]}}