{"id":25650,"date":"2026-09-03T07:02:00","date_gmt":"2026-09-03T11:02:00","guid":{"rendered":"https:\/\/nazarenonews.com.br\/?p=25650"},"modified":"2026-09-03T07:02:00","modified_gmt":"2026-09-03T11:02:00","slug":"saiba-o-que-abre-e-o-que-fecha-em-cuiaba-no-7-de-setembro","status":"publish","type":"post","link":"https:\/\/nazarenonews.com.br\/index.php\/2026\/09\/03\/saiba-o-que-abre-e-o-que-fecha-em-cuiaba-no-7-de-setembro\/","title":{"rendered":"Saiba o que abre e o que fecha em Cuiab\u00e1 no 7 de setembro"},"content":{"rendered":"\n<p>A Prefeitura de Cuiab\u00e1 e os demais \u00f3rg\u00e3os da administra\u00e7\u00e3o p\u00fablica municipal n\u00e3o ter\u00e3o expediente nesta segunda-feira (7), feriado nacional da Independ\u00eancia do Brasil. O atendimento administrativo ser\u00e1 retomado normalmente na ter\u00e7a-feira (8).<\/p>\n\n\n\n<p>Apesar do ponto facultativo nos \u00f3rg\u00e3os municipais, servi\u00e7os considerados essenciais ser\u00e3o mantidos durante o feriado. Sa\u00fade, coleta de lixo, abastecimento de \u00e1gua, Defesa Civil, fiscaliza\u00e7\u00e3o e orienta\u00e7\u00e3o do tr\u00e2nsito continuar\u00e3o funcionando.<\/p>\n\n\n\n<p><strong>SA\u00daDE<\/strong><\/p>\n\n\n\n<p>As Unidades de Pronto Atendimento (UPAs), a Policl\u00ednica do Pedra 90, o Centro M\u00e9dico Infantil (CMI), o Hospital Municipal de Cuiab\u00e1 (HMC), o Hospital e Pronto-Socorro Municipal de Cuiab\u00e1 e o Hospital S\u00e3o Benedito funcionar\u00e3o em regime de plant\u00e3o 24 horas.<\/p>\n\n\n\n<p>J\u00e1 as Unidades de Sa\u00fade da Fam\u00edlia (USFs), os Servi\u00e7os de Aten\u00e7\u00e3o Especializada (SAEs), o Centro de Especialidades M\u00e9dicas (CEM) e o Centro de Especialidades Odontol\u00f3gicas (CEO) n\u00e3o ter\u00e3o atendimento na segunda-feira.<\/p>\n\n\n\n<p><strong>DESFILE<\/strong><\/p>\n\n\n\n<p>O tradicional Desfile C\u00edvico de 7 de Setembro ser\u00e1 realizado a partir das 18h30, na Rua Batista das Neves, entre a Rua C\u00e2ndido Mariano e a Avenida Get\u00falio Vargas.<\/p>\n\n\n\n<p>Mais de 300 estudantes participar\u00e3o da programa\u00e7\u00e3o, que tamb\u00e9m ter\u00e1 apresenta\u00e7\u00f5es de bandas de fanfarra. Cinco unidades da rede municipal de ensino estar\u00e3o envolvidas no desfile.<\/p>\n\n\n\n<p><strong>PARQUES<\/strong><\/p>\n\n\n\n<p>Os parques municipais funcionar\u00e3o normalmente durante o feriado.<\/p>\n\n\n\n<p>O Parque Tia Nair estar\u00e1 aberto das 5h \u00e0s 22h. O Parque das \u00c1guas funcionar\u00e1 das 5h \u00e0s 23h.<\/p>\n\n\n\n<p>O Parque das \u00c1guas possui acesso pelo Centro Pol\u00edtico Administrativo, no bairro Paiagu\u00e1s, e pela Avenida Doutor H\u00e9lio Ribeiro. O espa\u00e7o conta com o t\u00fanel das \u00e1guas e o espet\u00e1culo Show das \u00c1guas.<\/p>\n\n\n\n<p><strong>MERCADO DO PORTO<\/strong><\/p>\n\n\n\n<p>O Mercado do Porto ter\u00e1 hor\u00e1rio especial na segunda-feira, das 5h \u00e0s 14h. As lanchonetes funcionar\u00e3o at\u00e9 as 16h.<\/p>\n\n\n\n<p><strong>COMPLEXO BIOCULTURAL<\/strong><\/p>\n\n\n\n<p>O Complexo Biocultural do Porto, que re\u00fane o Aqu\u00e1rio Municipal e o Museu do Rio, ficar\u00e1 fechado na segunda-feira para manuten\u00e7\u00e3o.<\/p>\n\n\n\n<p>O espa\u00e7o funciona de ter\u00e7a-feira a domingo, das 9h \u00e0s 18h, com entrada gratuita.<\/p>\n\n\n\n<p>A coleta de lixo, o abastecimento de \u00e1gua, os servi\u00e7os da Defesa Civil e as atividades de fiscaliza\u00e7\u00e3o e orienta\u00e7\u00e3o do tr\u00e2nsito tamb\u00e9m ser\u00e3o mantidos durante o feriado.<\/p>\n\n\n\n<p>hipernot\u00edcias<\/p>\n","protected":false},"excerpt":{"rendered":"<p>A Prefeitura de Cuiab\u00e1 e os demais \u00f3rg\u00e3os da administra\u00e7\u00e3o p\u00fablica municipal n\u00e3o ter\u00e3o expediente nesta segunda-feira (7), feriado nacional da Independ\u00eancia do Brasil. O atendimento administrativo ser\u00e1 retomado normalmente na ter\u00e7a-feira (8). Apesar do ponto facultativo nos \u00f3rg\u00e3os municipais, servi\u00e7os considerados essenciais ser\u00e3o mantidos durante o feriado. Sa\u00fade, coleta de lixo, abastecimento de \u00e1gua, [&hellip;]<\/p>\n","protected":false},"author":2,"featured_media":25651,"comment_status":"closed","ping_status":"closed","sticky":false,"template":"","format":"standard","meta":{"_monsterinsights_skip_tracking":false,"footnotes":""},"categories":[1,48],"tags":[],"_links":{"self":[{"href":"https:\/\/nazarenonews.com.br\/index.php\/wp-json\/wp\/v2\/posts\/25650"}],"collection":[{"href":"https:\/\/nazarenonews.com.br\/index.php\/wp-json\/wp\/v2\/posts"}],"about":[{"href":"https:\/\/nazarenonews.com.br\/index.php\/wp-json\/wp\/v2\/types\/post"}],"author":[{"embeddable":true,"href":"https:\/\/nazarenonews.com.br\/index.php\/wp-json\/wp\/v2\/users\/2"}],"replies":[{"embeddable":true,"href":"https:\/\/nazarenonews.com.br\/index.php\/wp-json\/wp\/v2\/comments?post=25650"}],"version-history":[{"count":1,"href":"https:\/\/nazarenonews.com.br\/index.php\/wp-json\/wp\/v2\/posts\/25650\/revisions"}],"predecessor-version":[{"id":25652,"href":"https:\/\/nazarenonews.com.br\/index.php\/wp-json\/wp\/v2\/posts\/25650\/revisions\/25652"}],"wp:featuredmedia":[{"embeddable":true,"href":"https:\/\/nazarenonews.com.br\/index.php\/wp-json\/wp\/v2\/media\/25651"}],"wp:attachment":[{"href":"https:\/\/nazarenonews.com.br\/index.php\/wp-json\/wp\/v2\/media?parent=25650"}],"wp:term":[{"taxonomy":"category","embeddable":true,"href":"https:\/\/nazarenonews.com.br\/index.php\/wp-json\/wp\/v2\/categories?post=25650"},{"taxonomy":"post_tag","embeddable":true,"href":"https:\/\/nazarenonews.com.br\/index.php\/wp-json\/wp\/v2\/tags?post=25650"}],"curies":[{"name":"wp","href":"https:\/\/api.w.org\/{rel}","templated":true}]}}