{"id":2565,"date":"2024-08-28T17:41:55","date_gmt":"2024-08-28T21:41:55","guid":{"rendered":"https:\/\/nazarenonews.com.br\/?p=2565"},"modified":"2024-08-28T17:41:55","modified_gmt":"2024-08-28T21:41:55","slug":"quatorze-municipios-de-mt-decretam-situacao-de-emergencia-em-decorrencia-da-estiagem","status":"publish","type":"post","link":"https:\/\/nazarenonews.com.br\/index.php\/2024\/08\/28\/quatorze-municipios-de-mt-decretam-situacao-de-emergencia-em-decorrencia-da-estiagem\/","title":{"rendered":"Quatorze munic\u00edpios de MT decretam situa\u00e7\u00e3o de emerg\u00eancia em decorr\u00eancia da estiagem"},"content":{"rendered":"\n<p>A Defesa Civil do Estado de Mato Grosso informou, nesta quarta-feira (28), que 14 munic\u00edpios decretaram situa\u00e7\u00e3o de emerg\u00eancia em decorr\u00eancia da seca e da estiagem que atinge o estado h\u00e1 mais 100 dias. A falta chuva tem contribu\u00eddo para o aumento das queimadas. Atualmente, 39 inc\u00eandios florestais est\u00e3o sendo combatidos no estado.<\/p>\n\n\n\n<p>Os decretos, conforme o \u00f3rg\u00e3o, t\u00eam dura\u00e7\u00f5es diferentes, variam entre 90 at\u00e9 180 dias.<\/p>\n\n\n\n<p>Seis munic\u00edpios do estado decretaram situa\u00e7\u00e3o de emerg\u00eancia pelo per\u00edodo de 90 dias. S\u00e3o eles Aren\u00e1polis, C\u00e1ceres, Apiac\u00e1s, Juscimeira, \u00c1gua Boa e Nova Bandeirantes.<\/p>\n\n\n\n<p>Chapada dos Guimar\u00e3es (67 km de Cuiab\u00e1), foi o \u00fanico o qual o prazo de vig\u00eancia do decreto ser\u00e1 de 120 dias.<\/p>\n\n\n\n<p>J\u00e1 as cidades de Feliz Natal, Bar\u00e3o de Melgado, Santa Cruz do Xingu, Gl\u00f3ria D&#8217;Oeste, Nossa Senhora do Livramento e S\u00e3o Jos\u00e9 dos Quatro Marcos, os decretos s\u00e3o de 180 dias.<\/p>\n\n\n\n<p>Com um clima tropical semi-\u00famido, os invernos no estado j\u00e1 costumam ser bastante secos. Nas \u00faltimas semanas, com frequ\u00eancia a umidade relativa do ar tem ca\u00eddo \u00e0 casa dos 10%. O motivo para a aus\u00eancia de chuva s\u00e3o as massas de ar quente e seco, o que dificulta a forma\u00e7\u00e3o de nuvens.<\/p>\n\n\n\n<p>A atua\u00e7\u00e3o do Fen\u00f4meno El Ni\u00f1o e as altas temperaturas no Oceano Atl\u00e2ntico s\u00e3o fatores respons\u00e1veis por intensificar a presen\u00e7a dessas massas de ar quente no estado, segundo o Climatempo.<\/p>\n\n\n\n<p><strong>Inc\u00eandios em MT<\/strong><\/p>\n\n\n\n<p>Em Mato Grosso, foram registrados 1.469 focos de calor nas \u00faltimas 24 horas. Desses, 839 se concentram na Amaz\u00f4nia, 570 no Cerrado e 60 no Pantanal. Os dados s\u00e3o do Sat\u00e9lite de Refer\u00eancia (Aqua Tarde).<\/p>\n\n\n\n<p>Rep\u00f3rter MT<\/p>\n\n\n\n<p><\/p>\n","protected":false},"excerpt":{"rendered":"<p>A Defesa Civil do Estado de Mato Grosso informou, nesta quarta-feira (28), que 14 munic\u00edpios decretaram situa\u00e7\u00e3o de emerg\u00eancia em decorr\u00eancia da seca e da estiagem que atinge o estado h\u00e1 mais 100 dias. A falta chuva tem contribu\u00eddo para o aumento das queimadas. Atualmente, 39 inc\u00eandios florestais est\u00e3o sendo combatidos no estado. Os decretos, [&hellip;]<\/p>\n","protected":false},"author":2,"featured_media":2566,"comment_status":"closed","ping_status":"closed","sticky":false,"template":"","format":"standard","meta":{"_monsterinsights_skip_tracking":false,"_monsterinsights_sitenote_active":false,"_monsterinsights_sitenote_note":"","_monsterinsights_sitenote_category":0,"footnotes":""},"categories":[1],"tags":[],"_links":{"self":[{"href":"https:\/\/nazarenonews.com.br\/index.php\/wp-json\/wp\/v2\/posts\/2565"}],"collection":[{"href":"https:\/\/nazarenonews.com.br\/index.php\/wp-json\/wp\/v2\/posts"}],"about":[{"href":"https:\/\/nazarenonews.com.br\/index.php\/wp-json\/wp\/v2\/types\/post"}],"author":[{"embeddable":true,"href":"https:\/\/nazarenonews.com.br\/index.php\/wp-json\/wp\/v2\/users\/2"}],"replies":[{"embeddable":true,"href":"https:\/\/nazarenonews.com.br\/index.php\/wp-json\/wp\/v2\/comments?post=2565"}],"version-history":[{"count":1,"href":"https:\/\/nazarenonews.com.br\/index.php\/wp-json\/wp\/v2\/posts\/2565\/revisions"}],"predecessor-version":[{"id":2567,"href":"https:\/\/nazarenonews.com.br\/index.php\/wp-json\/wp\/v2\/posts\/2565\/revisions\/2567"}],"wp:featuredmedia":[{"embeddable":true,"href":"https:\/\/nazarenonews.com.br\/index.php\/wp-json\/wp\/v2\/media\/2566"}],"wp:attachment":[{"href":"https:\/\/nazarenonews.com.br\/index.php\/wp-json\/wp\/v2\/media?parent=2565"}],"wp:term":[{"taxonomy":"category","embeddable":true,"href":"https:\/\/nazarenonews.com.br\/index.php\/wp-json\/wp\/v2\/categories?post=2565"},{"taxonomy":"post_tag","embeddable":true,"href":"https:\/\/nazarenonews.com.br\/index.php\/wp-json\/wp\/v2\/tags?post=2565"}],"curies":[{"name":"wp","href":"https:\/\/api.w.org\/{rel}","templated":true}]}}