{"id":25641,"date":"2026-09-02T15:54:35","date_gmt":"2026-09-02T19:54:35","guid":{"rendered":"https:\/\/nazarenonews.com.br\/?p=25641"},"modified":"2026-09-02T15:54:36","modified_gmt":"2026-09-02T19:54:36","slug":"coronel-fernanda-defende-afastamento-de-moraes-e-comemora-pedido-de-impeachment-senado-esta-acordando","status":"publish","type":"post","link":"https:\/\/nazarenonews.com.br\/index.php\/2026\/09\/02\/coronel-fernanda-defende-afastamento-de-moraes-e-comemora-pedido-de-impeachment-senado-esta-acordando\/","title":{"rendered":"Coronel Fernanda defende afastamento de Moraes e comemora pedido de impeachment: \u201cSenado est\u00e1 acordando\u201d"},"content":{"rendered":"\n<p><br>A deputada federal Coronel Fernanda (PL-MT) cobrou explica\u00e7\u00f5es p\u00fablicas do ministro Alexandre de Moraes, do Supremo Tribunal Federal (STF), nesta ter\u00e7a-feira (1\u00ba), ap\u00f3s o avan\u00e7o das investiga\u00e7\u00f5es relacionadas ao caso Banco Master revelar novos elementos sobre a rela\u00e7\u00e3o do magistrado com o ex-banqueiro Daniel Vorcaro.<\/p>\n\n\n\n<p>Diante da gravidade das informa\u00e7\u00f5es que vieram a p\u00fablico, a parlamentar defende transpar\u00eancia sobre as movimenta\u00e7\u00f5es e contatos apontados na investiga\u00e7\u00e3o e comemorou a rea\u00e7\u00e3o do Senado Federal, onde foi apresentado um novo pedido de impeachment contra Moraes.<\/p>\n\n\n\n<p>Para a deputada, os fatos precisam ser esclarecidos de forma ampla e transparente.<\/p>\n\n\n\n<p><strong>\u201cQuando surgem informa\u00e7\u00f5es dessa gravidade, a sociedade brasileira tem o direito de saber exatamente o que aconteceu. N\u00e3o pode haver d\u00favida, n\u00e3o pode haver privil\u00e9gio e n\u00e3o pode haver tratamento diferente para ningu\u00e9m. Voc\u00ea precisa se explicar Alexandre de Moraes\u201d<\/strong>, afirmou Coronel Fernanda.<\/p>\n\n\n\n<p>O caso ganhou um novo cap\u00edtulo nesta ter\u00e7a-feira, depois que o ministro Andr\u00e9 Mendon\u00e7a, relator das investiga\u00e7\u00f5es relacionadas ao Banco Master no STF, retirou o sigilo da apura\u00e7\u00e3o que re\u00fane informa\u00e7\u00f5es levantadas pela Pol\u00edcia Federal e defendeu que o Plen\u00e1rio da Corte analise a situa\u00e7\u00e3o envolvendo Moraes.<\/p>\n\n\n\n<p>O material re\u00fane mensagens, documentos e registros encontrados pela Pol\u00edcia Federal no celular de Vorcaro. Entre os elementos investigados est\u00e3o contatos atribu\u00eddos ao ex-banqueiro e a Moraes, registros de encontros e informa\u00e7\u00f5es relacionadas ao contrato milion\u00e1rio firmado pelo Banco Master com o escrit\u00f3rio de advocacia de Viviane Barci de Moraes, esposa do ministro.<\/p>\n\n\n\n<p>Segundo as informa\u00e7\u00f5es, Vorcaro teria recorrido a Moraes em momentos considerados cr\u00edticos das investiga\u00e7\u00f5es contra o Banco Master, inclusive para tratar de a\u00e7\u00f5es envolvendo a Pol\u00edcia Federal e a Procuradoria-Geral da Rep\u00fablica. H\u00e1 ainda registros de encontros entre os dois e elementos relacionados \u00e0 elabora\u00e7\u00e3o do contrato posteriormente firmado com o escrit\u00f3rio da esposa do magistrado.<\/p>\n\n\n\n<p><strong>\u201cA justi\u00e7a est\u00e1 acontecendo. Ela tarda, mas n\u00e3o falha. E eu creio nisso. Eu creio que a justi\u00e7a de Deus \u00e9 a justi\u00e7a mais pura e verdadeira que existe\u201d<\/strong>, pontuou Coronel Fernanda.<\/p>\n\n\n\n<p>A repercuss\u00e3o do caso chegou ao Senado Federal quase de forma imediata. O senador Carlos Viana (PSD-MG) protocolou um novo pedido de impeachment contra Moraes, sustentando suspeita de crime de responsabilidade por eventual advocacia administrativa em benef\u00edcio de Vorcaro.<\/p>\n\n\n\n<p>Ao anunciar a iniciativa, Viana afirmou que o objetivo \u00e9 investigar se Moraes teria utilizado as prerrogativas do cargo para beneficiar o ex-banqueiro. O senador destacou que qualquer responsabiliza\u00e7\u00e3o depender\u00e1 da comprova\u00e7\u00e3o dos fatos apontados na investiga\u00e7\u00e3o.<\/p>\n\n\n\n<p>Coronel Fernanda comemorou e avaliou que a movimenta\u00e7\u00e3o representa uma mudan\u00e7a de postura do Senado diante das sucessivas cobran\u00e7as para que a Casa exer\u00e7a sua compet\u00eancia constitucional em rela\u00e7\u00e3o a ministros do Supremo.<\/p>\n\n\n\n<p><strong>\u201cO Senado tem uma responsabilidade constitucional e precisa cumprir o seu papel. N\u00e3o se trata de persegui\u00e7\u00e3o, trata-se de apura\u00e7\u00e3o. Se existem fatos graves sendo investigados, eles precisam ser analisados com seriedade e responsabilidade. At\u00e9 que enfim o Senado est\u00e1 acordando\u201d<\/strong>, declarou.<\/p>\n\n\n\n<p>Ela vai mais al\u00e9m e acredita que o pr\u00f3prio ministro deveria pedir o afastamento do cargo para se defender.\u00a0<strong>\u201cSe o Brasil fosse um pa\u00eds s\u00e9rio, o Alexandre de Moraes, por si pr\u00f3prio, pedia o afastamento, n\u00e3o precisava outros pedirem o afastamento. Mas eu tenho certeza que tudo vai ficar claro\u201d<\/strong>, finalizou.<\/p>\n\n\n\n<p>Rep\u00f3rter MT<\/p>\n","protected":false},"excerpt":{"rendered":"<p>A deputada federal Coronel Fernanda (PL-MT) cobrou explica\u00e7\u00f5es p\u00fablicas do ministro Alexandre de Moraes, do Supremo Tribunal Federal (STF), nesta ter\u00e7a-feira (1\u00ba), ap\u00f3s o avan\u00e7o das investiga\u00e7\u00f5es relacionadas ao caso Banco Master revelar novos elementos sobre a rela\u00e7\u00e3o do magistrado com o ex-banqueiro Daniel Vorcaro. Diante da gravidade das informa\u00e7\u00f5es que vieram a p\u00fablico, a [&hellip;]<\/p>\n","protected":false},"author":2,"featured_media":25642,"comment_status":"closed","ping_status":"closed","sticky":false,"template":"","format":"standard","meta":{"_monsterinsights_skip_tracking":false,"footnotes":""},"categories":[50,1,48],"tags":[],"_links":{"self":[{"href":"https:\/\/nazarenonews.com.br\/index.php\/wp-json\/wp\/v2\/posts\/25641"}],"collection":[{"href":"https:\/\/nazarenonews.com.br\/index.php\/wp-json\/wp\/v2\/posts"}],"about":[{"href":"https:\/\/nazarenonews.com.br\/index.php\/wp-json\/wp\/v2\/types\/post"}],"author":[{"embeddable":true,"href":"https:\/\/nazarenonews.com.br\/index.php\/wp-json\/wp\/v2\/users\/2"}],"replies":[{"embeddable":true,"href":"https:\/\/nazarenonews.com.br\/index.php\/wp-json\/wp\/v2\/comments?post=25641"}],"version-history":[{"count":1,"href":"https:\/\/nazarenonews.com.br\/index.php\/wp-json\/wp\/v2\/posts\/25641\/revisions"}],"predecessor-version":[{"id":25643,"href":"https:\/\/nazarenonews.com.br\/index.php\/wp-json\/wp\/v2\/posts\/25641\/revisions\/25643"}],"wp:featuredmedia":[{"embeddable":true,"href":"https:\/\/nazarenonews.com.br\/index.php\/wp-json\/wp\/v2\/media\/25642"}],"wp:attachment":[{"href":"https:\/\/nazarenonews.com.br\/index.php\/wp-json\/wp\/v2\/media?parent=25641"}],"wp:term":[{"taxonomy":"category","embeddable":true,"href":"https:\/\/nazarenonews.com.br\/index.php\/wp-json\/wp\/v2\/categories?post=25641"},{"taxonomy":"post_tag","embeddable":true,"href":"https:\/\/nazarenonews.com.br\/index.php\/wp-json\/wp\/v2\/tags?post=25641"}],"curies":[{"name":"wp","href":"https:\/\/api.w.org\/{rel}","templated":true}]}}