{"id":25635,"date":"2026-09-02T09:13:39","date_gmt":"2026-09-02T13:13:39","guid":{"rendered":"https:\/\/nazarenonews.com.br\/?p=25635"},"modified":"2026-09-02T10:18:46","modified_gmt":"2026-09-02T14:18:46","slug":"carro-bomba-explode-em-frente-a-delegacia-e-deixa-um-morto-e-11-feridos","status":"publish","type":"post","link":"https:\/\/nazarenonews.com.br\/index.php\/2026\/09\/02\/carro-bomba-explode-em-frente-a-delegacia-e-deixa-um-morto-e-11-feridos\/","title":{"rendered":"Carro-bomba explode em frente a delegacia e deixa um morto e 11 feridos"},"content":{"rendered":"\n<p>Um carro-bomba explodiu em frente a uma delegacia na noite desta segunda-feira (1\u00ba), no munic\u00edpio de Los Patios, no departamento de Norte de Santander, na Col\u00f4mbia, pr\u00f3ximo \u00e0 fronteira com a Venezuela. O atentado deixou uma pessoa morta e 11 feridos, al\u00e9m de provocar danos em parte do pr\u00e9dio policial.<\/p>\n\n\n\n<p>A v\u00edtima fatal \u00e9 um venezuelano de 23 anos. Segundo o coronel Jimmy Belalc\u00e1zar, comandante da Pol\u00edcia local, o ataque \u00e9 atribu\u00eddo \u00e0 guerrilha do Ex\u00e9rcito de Liberta\u00e7\u00e3o Nacional (ELN).<\/p>\n\n\n\n<p>Entre os feridos est\u00e3o dois policiais. Um deles sofreu uma mutila\u00e7\u00e3o na perna esquerda, enquanto o outro foi atingido por estilha\u00e7os provocados pela explos\u00e3o.<\/p>\n\n\n\n<p>O atentado aconteceu pr\u00f3ximo da meia-noite, no hor\u00e1rio local. Imagens registradas ap\u00f3s a explos\u00e3o mostraram o ve\u00edculo ainda em chamas, al\u00e9m de vidros quebrados, muros danificados e diversos destro\u00e7os espalhados pela regi\u00e3o.<\/p>\n\n\n\n<p>De acordo com a pol\u00edcia, o ve\u00edculo utilizado no atentado havia sido roubado e teve a cor modificada para simular um t\u00e1xi. Dentro do carro estavam aproximadamente 80 quilos de explosivos, que teriam sido detonados remotamente.<\/p>\n\n\n\n<p>O ataque ocorre em meio a uma escalada da viol\u00eancia na Col\u00f4mbia, considerada a maior produtora de coca\u00edna do mundo e que enfrenta uma das mais graves ondas de viol\u00eancia da \u00faltima d\u00e9cada.<\/p>\n\n\n\n<p>Horas antes da explos\u00e3o, o Ex\u00e9rcito colombiano havia realizado uma opera\u00e7\u00e3o de bombardeio na regi\u00e3o amaz\u00f4nica que matou 20 integrantes de grupos guerrilheiros, segundo as autoridades. Organiza\u00e7\u00f5es armadas haviam amea\u00e7ado reagir \u00e0s ofensivas das for\u00e7as de seguran\u00e7a.<\/p>\n\n\n\n<p>O ELN atua h\u00e1 mais de seis d\u00e9cadas e manteve negocia\u00e7\u00f5es de paz com o governo do ex-presidente de esquerda Gustavo Petro. As conversas, por\u00e9m, n\u00e3o resultaram em um acordo definitivo.<\/p>\n\n\n\n<p>A escalada ocorre sob a atual pol\u00edtica de linha dura contra grupos armados adotada pelo presidente Abelardo de la Espriella, que assumiu o cargo em 7 de agosto e conta com apoio do governo dos Estados Unidos, comandado por Donald Trump.<\/p>\n\n\n\n<p>Folha do Estado<\/p>\n","protected":false},"excerpt":{"rendered":"<p>Um carro-bomba explodiu em frente a uma delegacia na noite desta segunda-feira (1\u00ba), no munic\u00edpio de Los Patios, no departamento de Norte de Santander, na Col\u00f4mbia, pr\u00f3ximo \u00e0 fronteira com a Venezuela. O atentado deixou uma pessoa morta e 11 feridos, al\u00e9m de provocar danos em parte do pr\u00e9dio policial. A v\u00edtima fatal \u00e9 um [&hellip;]<\/p>\n","protected":false},"author":2,"featured_media":25640,"comment_status":"closed","ping_status":"closed","sticky":false,"template":"","format":"standard","meta":{"_monsterinsights_skip_tracking":false,"footnotes":""},"categories":[1],"tags":[],"_links":{"self":[{"href":"https:\/\/nazarenonews.com.br\/index.php\/wp-json\/wp\/v2\/posts\/25635"}],"collection":[{"href":"https:\/\/nazarenonews.com.br\/index.php\/wp-json\/wp\/v2\/posts"}],"about":[{"href":"https:\/\/nazarenonews.com.br\/index.php\/wp-json\/wp\/v2\/types\/post"}],"author":[{"embeddable":true,"href":"https:\/\/nazarenonews.com.br\/index.php\/wp-json\/wp\/v2\/users\/2"}],"replies":[{"embeddable":true,"href":"https:\/\/nazarenonews.com.br\/index.php\/wp-json\/wp\/v2\/comments?post=25635"}],"version-history":[{"count":1,"href":"https:\/\/nazarenonews.com.br\/index.php\/wp-json\/wp\/v2\/posts\/25635\/revisions"}],"predecessor-version":[{"id":25637,"href":"https:\/\/nazarenonews.com.br\/index.php\/wp-json\/wp\/v2\/posts\/25635\/revisions\/25637"}],"wp:featuredmedia":[{"embeddable":true,"href":"https:\/\/nazarenonews.com.br\/index.php\/wp-json\/wp\/v2\/media\/25640"}],"wp:attachment":[{"href":"https:\/\/nazarenonews.com.br\/index.php\/wp-json\/wp\/v2\/media?parent=25635"}],"wp:term":[{"taxonomy":"category","embeddable":true,"href":"https:\/\/nazarenonews.com.br\/index.php\/wp-json\/wp\/v2\/categories?post=25635"},{"taxonomy":"post_tag","embeddable":true,"href":"https:\/\/nazarenonews.com.br\/index.php\/wp-json\/wp\/v2\/tags?post=25635"}],"curies":[{"name":"wp","href":"https:\/\/api.w.org\/{rel}","templated":true}]}}