{"id":25632,"date":"2026-09-02T09:12:21","date_gmt":"2026-09-02T13:12:21","guid":{"rendered":"https:\/\/nazarenonews.com.br\/?p=25632"},"modified":"2026-09-02T09:12:21","modified_gmt":"2026-09-02T13:12:21","slug":"pedofilos-sao-alvos-da-policia-civil-e-pf-por-armazenar-pornografia-infantil-em-juina","status":"publish","type":"post","link":"https:\/\/nazarenonews.com.br\/index.php\/2026\/09\/02\/pedofilos-sao-alvos-da-policia-civil-e-pf-por-armazenar-pornografia-infantil-em-juina\/","title":{"rendered":"Ped\u00f3filos s\u00e3o alvos da Pol\u00edcia Civil e PF por armazenar pornografia infantil em Ju\u00edna"},"content":{"rendered":"\n<p>&nbsp;A Pol\u00edcia Civil de Mato Grosso deflagrou, em parceria com a Pol\u00edcia Federal, a nona edi\u00e7\u00e3o da Opera\u00e7\u00e3o CESIN, na manh\u00e3 de hoje (2), para cumprir ordens judiciais com o objetivo de combater a pornografia infantil pela internet.<\/p>\n\n\n\n<p>Os trabalhos tamb\u00e9m integram a Opera\u00e7\u00e3o Nacional Prote\u00e7\u00e3o Integral V, coordenada pela Pol\u00edcia Federal e executada em diversos estados do pa\u00eds, para identificar e responsabilizar investigados por crimes de abuso sexual contra crian\u00e7as e adolescentes.<\/p>\n\n\n\n<p>Em Mato Grosso, s\u00e3o cumpridas quatro ordens judiciais, sendo dois mandados de busca e apreens\u00e3o e dois de quebra de sigilo telem\u00e1tico, deferidos pelo N\u00facleo de Justi\u00e7a 4.0 do Ju\u00edzo das Garantias, com base em investiga\u00e7\u00f5es conduzidas pela Delegacia Especializada de Repress\u00e3o a Crimes Inform\u00e1ticos (DRCI).<\/p>\n\n\n\n<p>Os mandados t\u00eam como alvo dois investigados por armazenamento de conte\u00fado de viol\u00eancia sexual infantil, crime previsto no artigo 241-B do Estatuto da Crian\u00e7a e do Adolescente (ECA).<\/p>\n\n\n\n<p>As ordens judiciais s\u00e3o cumpridas na cidade de Ju\u00edna e contam com o apoio da equipe da Delegacia Regional do munic\u00edpio.<\/p>\n\n\n\n<p>As investiga\u00e7\u00f5es foram iniciadas ap\u00f3s a equipe da DRCI receber den\u00fancias sobre dois moradores de Ju\u00edna, que estariam armazenando imagens de abuso sexual infantojuvenil, envolvendo principalmente crian\u00e7as.<\/p>\n\n\n\n<p>Com o avan\u00e7o das investiga\u00e7\u00f5es, foi poss\u00edvel chegar \u00e0 identidade e \u00e0 localiza\u00e7\u00e3o dos suspeitos, e a representa\u00e7\u00e3o pelas ordens judiciais foi feita pela Pol\u00edcia Civil, sendo posteriormente deferidas pela Justi\u00e7a.<\/p>\n\n\n\n<p>O objetivo da opera\u00e7\u00e3o \u00e9 apreender dispositivos eletr\u00f4nicos utilizados pelos investigados, que possam contribuir para o avan\u00e7o das investiga\u00e7\u00f5es, assim como para a identifica\u00e7\u00e3o de outros poss\u00edveis envolvidos.<\/p>\n\n\n\n<p><strong>CESIN<\/strong><\/p>\n\n\n\n<p>O nome da opera\u00e7\u00e3o faz refer\u00eancia \u00e0 sigla CESIN, que significa Combate \u00e0 Explora\u00e7\u00e3o Sexual Infantil, trabalho investigativo constante na Delegacia Especializada de Repress\u00e3o a Crimes Inform\u00e1ticos (DRCI).<\/p>\n\n\n\n<p><strong>Opera\u00e7\u00e3o Prote\u00e7\u00e3o Integral<\/strong><\/p>\n\n\n\n<p>A Opera\u00e7\u00e3o Nacional Prote\u00e7\u00e3o Integral V, coordenada pela Pol\u00edcia Federal, d\u00e1 continuidade \u00e0s a\u00e7\u00f5es realizadas nas opera\u00e7\u00f5es nacionais Prote\u00e7\u00e3o Integral I, II, III e IV, deflagradas em 2025 e 2026, e na Opera\u00e7\u00e3o Nacional Guardi\u00e3o Digital, realizada em mar\u00e7o deste ano.<\/p>\n\n\n\n<p>A opera\u00e7\u00e3o tem como foco a repress\u00e3o a crimes relacionados ao armazenamento, compartilhamento, comercializa\u00e7\u00e3o e produ\u00e7\u00e3o de material de abuso sexual infantojuvenil, com atua\u00e7\u00e3o integrada entre as for\u00e7as policiais.<\/p>\n\n\n\n<p>Participaram desse esfor\u00e7o conjunto, al\u00e9m da Pol\u00edcia Federal, as Pol\u00edcias Civis dos Estados de Alagoas, Amazonas, Distrito Federal, Esp\u00edrito Santo, Goi\u00e1s, Mato Grosso, Minas Gerais, Par\u00e1, Para\u00edba, Pernambuco, Piau\u00ed, Rio de Janeiro, Roraima, Santa Catarina, S\u00e3o Paulo, Sergipe e Tocantins.<\/p>\n\n\n\n<p>Rep\u00f3rterMT<\/p>\n","protected":false},"excerpt":{"rendered":"<p>&nbsp;A Pol\u00edcia Civil de Mato Grosso deflagrou, em parceria com a Pol\u00edcia Federal, a nona edi\u00e7\u00e3o da Opera\u00e7\u00e3o CESIN, na manh\u00e3 de hoje (2), para cumprir ordens judiciais com o objetivo de combater a pornografia infantil pela internet. Os trabalhos tamb\u00e9m integram a Opera\u00e7\u00e3o Nacional Prote\u00e7\u00e3o Integral V, coordenada pela Pol\u00edcia Federal e executada em [&hellip;]<\/p>\n","protected":false},"author":2,"featured_media":25633,"comment_status":"closed","ping_status":"closed","sticky":false,"template":"","format":"standard","meta":{"_monsterinsights_skip_tracking":false,"footnotes":""},"categories":[36,51,1],"tags":[],"_links":{"self":[{"href":"https:\/\/nazarenonews.com.br\/index.php\/wp-json\/wp\/v2\/posts\/25632"}],"collection":[{"href":"https:\/\/nazarenonews.com.br\/index.php\/wp-json\/wp\/v2\/posts"}],"about":[{"href":"https:\/\/nazarenonews.com.br\/index.php\/wp-json\/wp\/v2\/types\/post"}],"author":[{"embeddable":true,"href":"https:\/\/nazarenonews.com.br\/index.php\/wp-json\/wp\/v2\/users\/2"}],"replies":[{"embeddable":true,"href":"https:\/\/nazarenonews.com.br\/index.php\/wp-json\/wp\/v2\/comments?post=25632"}],"version-history":[{"count":1,"href":"https:\/\/nazarenonews.com.br\/index.php\/wp-json\/wp\/v2\/posts\/25632\/revisions"}],"predecessor-version":[{"id":25634,"href":"https:\/\/nazarenonews.com.br\/index.php\/wp-json\/wp\/v2\/posts\/25632\/revisions\/25634"}],"wp:featuredmedia":[{"embeddable":true,"href":"https:\/\/nazarenonews.com.br\/index.php\/wp-json\/wp\/v2\/media\/25633"}],"wp:attachment":[{"href":"https:\/\/nazarenonews.com.br\/index.php\/wp-json\/wp\/v2\/media?parent=25632"}],"wp:term":[{"taxonomy":"category","embeddable":true,"href":"https:\/\/nazarenonews.com.br\/index.php\/wp-json\/wp\/v2\/categories?post=25632"},{"taxonomy":"post_tag","embeddable":true,"href":"https:\/\/nazarenonews.com.br\/index.php\/wp-json\/wp\/v2\/tags?post=25632"}],"curies":[{"name":"wp","href":"https:\/\/api.w.org\/{rel}","templated":true}]}}