{"id":25626,"date":"2026-09-02T09:07:44","date_gmt":"2026-09-02T13:07:44","guid":{"rendered":"https:\/\/nazarenonews.com.br\/?p=25626"},"modified":"2026-09-02T10:13:13","modified_gmt":"2026-09-02T14:13:13","slug":"motorista-morre-prensado-entre-duas-carretas-em-posto-de-vg","status":"publish","type":"post","link":"https:\/\/nazarenonews.com.br\/index.php\/2026\/09\/02\/motorista-morre-prensado-entre-duas-carretas-em-posto-de-vg\/","title":{"rendered":"Motorista morre prensado entre duas carretas em posto de VG"},"content":{"rendered":"\n<p>O motorista Claudinei Jos\u00e9 Vendt morreu na noite desta ter\u00e7a-feira (1\u00ba), ap\u00f3s ser prensado entre duas carretas no Posto Maraj\u00f3, localizado na Rodovia dos Imigrantes, em V\u00e1rzea Grande.&nbsp;<\/p>\n\n\n\n<p>Informa\u00e7\u00f5es preliminares apontam que Claudinei estava estacionado nos fundos do posto de combust\u00edvel quando uma das carretas come\u00e7ou a se movimentar.<\/p>\n\n\n\n<p>Nesse momento, ele tentou entrar na cabine para parar o ve\u00edculo, mas acabou sendo prensado entre a carreta e outro ve\u00edculo de carga que estava estacionado no local.<\/p>\n\n\n\n<p>A equipe de resgate da concession\u00e1ria respons\u00e1vel pela rodovia foi acionada, mas, quando chegou ao local, Claudinei j\u00e1 n\u00e3o apresentava sinais vitais. A morte foi confirmada pela equipe.<\/p>\n\n\n\n<p>A Per\u00edcia Oficial e Identifica\u00e7\u00e3o T\u00e9cnica (Politec) esteve no local.\u00a0 O caso ser\u00e1 investigado pela Pol\u00edcia Civil.\u00a0<\/p>\n\n\n\n<p>MidiaNews<\/p>\n","protected":false},"excerpt":{"rendered":"<p>O motorista Claudinei Jos\u00e9 Vendt morreu na noite desta ter\u00e7a-feira (1\u00ba), ap\u00f3s ser prensado entre duas carretas no Posto Maraj\u00f3, localizado na Rodovia dos Imigrantes, em V\u00e1rzea Grande.&nbsp; Informa\u00e7\u00f5es preliminares apontam que Claudinei estava estacionado nos fundos do posto de combust\u00edvel quando uma das carretas come\u00e7ou a se movimentar. Nesse momento, ele tentou entrar na [&hellip;]<\/p>\n","protected":false},"author":2,"featured_media":25638,"comment_status":"closed","ping_status":"closed","sticky":false,"template":"","format":"standard","meta":{"_monsterinsights_skip_tracking":false,"footnotes":""},"categories":[36,51,1],"tags":[],"_links":{"self":[{"href":"https:\/\/nazarenonews.com.br\/index.php\/wp-json\/wp\/v2\/posts\/25626"}],"collection":[{"href":"https:\/\/nazarenonews.com.br\/index.php\/wp-json\/wp\/v2\/posts"}],"about":[{"href":"https:\/\/nazarenonews.com.br\/index.php\/wp-json\/wp\/v2\/types\/post"}],"author":[{"embeddable":true,"href":"https:\/\/nazarenonews.com.br\/index.php\/wp-json\/wp\/v2\/users\/2"}],"replies":[{"embeddable":true,"href":"https:\/\/nazarenonews.com.br\/index.php\/wp-json\/wp\/v2\/comments?post=25626"}],"version-history":[{"count":1,"href":"https:\/\/nazarenonews.com.br\/index.php\/wp-json\/wp\/v2\/posts\/25626\/revisions"}],"predecessor-version":[{"id":25628,"href":"https:\/\/nazarenonews.com.br\/index.php\/wp-json\/wp\/v2\/posts\/25626\/revisions\/25628"}],"wp:featuredmedia":[{"embeddable":true,"href":"https:\/\/nazarenonews.com.br\/index.php\/wp-json\/wp\/v2\/media\/25638"}],"wp:attachment":[{"href":"https:\/\/nazarenonews.com.br\/index.php\/wp-json\/wp\/v2\/media?parent=25626"}],"wp:term":[{"taxonomy":"category","embeddable":true,"href":"https:\/\/nazarenonews.com.br\/index.php\/wp-json\/wp\/v2\/categories?post=25626"},{"taxonomy":"post_tag","embeddable":true,"href":"https:\/\/nazarenonews.com.br\/index.php\/wp-json\/wp\/v2\/tags?post=25626"}],"curies":[{"name":"wp","href":"https:\/\/api.w.org\/{rel}","templated":true}]}}