{"id":25621,"date":"2026-09-02T07:11:00","date_gmt":"2026-09-02T11:11:00","guid":{"rendered":"https:\/\/nazarenonews.com.br\/?p=25621"},"modified":"2026-09-02T07:11:00","modified_gmt":"2026-09-02T11:11:00","slug":"boi-gordo-registra-alta-nesta-quarta-feira-2-em-sao-paulo","status":"publish","type":"post","link":"https:\/\/nazarenonews.com.br\/index.php\/2026\/09\/02\/boi-gordo-registra-alta-nesta-quarta-feira-2-em-sao-paulo\/","title":{"rendered":"Boi gordo registra alta nesta quarta-feira (2) em S\u00e3o Paulo"},"content":{"rendered":"\n<p>Arroba \u00e9 negociada a R$ 346; mercado de frango tamb\u00e9m apresenta valoriza\u00e7\u00e3o, enquanto su\u00ednos t\u00eam queda<\/p>\n\n\n\n<p>Data de publica\u00e7\u00e3o: 02 de Setembro de 2026, 04:00h<\/p>\n\n\n\n<p><strong>O pre\u00e7o do boi gordo teve um aumento nesta quarta-feira (2). Em S\u00e3o Paulo, a arroba \u00e9 negociada a R$ 346,00.<\/strong><\/p>\n\n\n\n<p><br>INDICADOR DO BOI GORDO CEPEA\/ESALQ&nbsp;<\/p>\n\n\n\n\n\n<figure class=\"wp-block-table\"><table><thead><tr><th>Data<\/th><th>Valor R$*<\/th><th>Var.\/Dia<\/th><th>Var.\/M\u00eas<\/th><th>Valor US$*<\/th><\/tr><\/thead><tbody><tr><td>01\/09\/2026<\/td><td>346,00<\/td><td>0,46%<\/td><td>0,46%<\/td><td>67,18<\/td><\/tr><tr><td>31\/08\/2026<\/td><td>344,40<\/td><td>-0,28%<\/td><td>-0,62%<\/td><td>66,46<\/td><\/tr><tr><td>28\/08\/2026<\/td><td>345,35<\/td><td>0,25%<\/td><td>-0,35%<\/td><td>66,39<\/td><\/tr><tr><td>27\/08\/2026<\/td><td>344,50<\/td><td>0,58%<\/td><td>-0,59%<\/td><td>66,69<\/td><\/tr><tr><td>26\/08\/2026<\/td><td>342,50<\/td><td>-0,25%<\/td><td>-1,17%<\/td><td>66,45<\/td><\/tr><\/tbody><\/table><\/figure>\n\n\n\n<h2 class=\"wp-block-heading\">Pre\u00e7o do frango congelado e frango resfriado<\/h2>\n\n\n\n<p>No mercado de frango, os valores apresentam aumento na Grande S\u00e3o Paulo, em S\u00e3o Jos\u00e9 do Rio Preto e em Descalvado. O quilo do frango congelado \u00e9 vendido a R$ 7,42, enquanto o frango resfriado est\u00e1 cotado a R$ 7,39.<br><br>PRE\u00c7OS DO FRANGO CONGELADO CEPEA\/ESALQ &#8211; ESTADO SP<\/p>\n\n\n\n<figure class=\"wp-block-table\"><table><thead><tr><th>Data<\/th><th>Valor R$<\/th><th>Var.\/Dia<\/th><th>Var.\/M\u00eas<\/th><\/tr><\/thead><tbody><tr><td>01\/09\/2026<\/td><td>7,42<\/td><td>1,37%<\/td><td>1,37%<\/td><\/tr><tr><td>31\/08\/2026<\/td><td>7,32<\/td><td>0,00%<\/td><td>2,52%<\/td><\/tr><tr><td>28\/08\/2026<\/td><td>7,32<\/td><td>0,27%<\/td><td>2,52%<\/td><\/tr><tr><td>27\/08\/2026<\/td><td>7,30<\/td><td>0,00%<\/td><td>2,24%<\/td><\/tr><tr><td>26\/08\/2026<\/td><td>7,30<\/td><td>0,14%<\/td><td>2,24%<\/td><\/tr><\/tbody><\/table><\/figure>\n\n\n\n<p><br>PRE\u00c7OS DO FRANGO RESFRIADO CEPEA\/ESALQ &#8211; ESTADO SP&nbsp;<\/p>\n\n\n\n<figure class=\"wp-block-table\"><table><thead><tr><th>Data<\/th><th>Valor R$<\/th><th>Var.\/Dia<\/th><th>Var.\/M\u00eas<\/th><\/tr><\/thead><tbody><tr><td>01\/09\/2026<\/td><td>7,39<\/td><td>1,37%<\/td><td>1,37%<\/td><\/tr><tr><td>31\/08\/2026<\/td><td>7,29<\/td><td>0,00%<\/td><td>1,96%<\/td><\/tr><tr><td>28\/08\/2026<\/td><td>7,29<\/td><td>0,28%<\/td><td>1,96%<\/td><\/tr><tr><td>27\/08\/2026<\/td><td>7,27<\/td><td>0,00%<\/td><td>1,68%<\/td><\/tr><tr><td>26\/08\/2026<\/td><td>7,27<\/td><td>0,14%<\/td><td>1,68%<\/td><\/tr><\/tbody><\/table><\/figure>\n\n\n\n<h2 class=\"wp-block-heading\">Pre\u00e7o da carca\u00e7a su\u00edna especial e su\u00edno vivo<\/h2>\n\n\n\n<p>J\u00e1 a carca\u00e7a su\u00edna especial teve uma redu\u00e7\u00e3o nos atacados da Grande S\u00e3o Paulo, onde o quilo custa R$ 7,16.<br><br>Entre os estados analisados, o su\u00edno vivo registra decl\u00ednio no pre\u00e7o em Santa Catarina, onde o animal \u00e9 comercializado a R$ 4,56.&nbsp;<br><br>PRE\u00c7OS DA CARCA\u00c7A SU\u00cdNA ESPECIAL (R$\/kg)&nbsp;<\/p>\n\n\n\n<figure class=\"wp-block-table\"><table><thead><tr><th>Data<\/th><th>M\u00e9dia<\/th><th>Var.\/Dia<\/th><th>Var.\/M\u00eas<\/th><\/tr><\/thead><tbody><tr><td>01\/09\/2026<\/td><td>7,16<\/td><td>-2,05%<\/td><td>-2,05%<\/td><\/tr><tr><td>31\/08\/2026<\/td><td>7,31<\/td><td>-0,95%<\/td><td>-11,07%<\/td><\/tr><tr><td>28\/08\/2026<\/td><td>7,38<\/td><td>0,00%<\/td><td>-10,22%<\/td><\/tr><tr><td>27\/08\/2026<\/td><td>7,38<\/td><td>0,00%<\/td><td>-10,22%<\/td><\/tr><tr><td>26\/08\/2026<\/td><td>7,38<\/td><td>0,00%<\/td><td>-10,22%<\/td><\/tr><\/tbody><\/table><\/figure>\n\n\n\n<p><br>INDICADOR DO SU\u00cdNO VIVO CEPEA\/ESALQ (R$\/kg)<\/p>\n\n\n\n<figure class=\"wp-block-table\"><table><thead><tr><th>Data<\/th><th>Estado<\/th><th>Valor R$*<\/th><th>Var.\/Dia<\/th><th>Var.\/M\u00eas<\/th><\/tr><\/thead><tbody><tr><td>01\/09\/2026<\/td><td>MG &#8211; posto<\/td><td>5,02<\/td><td>0,00%<\/td><td>0,00%<\/td><\/tr><tr><td>01\/09\/2026<\/td><td>PR &#8211; a retirar<\/td><td>4,48<\/td><td>-0,22%<\/td><td>-0,22%<\/td><\/tr><tr><td>01\/09\/2026<\/td><td>RS &#8211; a retirar<\/td><td>4,54<\/td><td>0,00%<\/td><td>0,00%<\/td><\/tr><tr><td>01\/09\/2026<\/td><td>SC &#8211; a retirar<\/td><td>4,56<\/td><td>-0,22%<\/td><td>-0,22%<\/td><\/tr><tr><td>01\/09\/2026<\/td><td>SP &#8211; posto<\/td><td>4,83<\/td><td>0,00%<\/td><td>0,00%<\/td><\/tr><\/tbody><\/table><\/figure>\n\n\n\n<p><br>Os dados s\u00e3o do&nbsp;<a href=\"https:\/\/cepea.org.br\/br\">Cepea<\/a>.<br>&nbsp;<\/p>\n\n\n\n<h2 class=\"wp-block-heading\"><strong>O que \u00e9 o boi gordo? Entenda o termo do mercado bovino<\/strong><\/h2>\n\n\n\n<p>O boi gordo \u00e9 o bovino macho pronto para o abate, com peso m\u00ednimo de 16 arrobas l\u00edquidas de carca\u00e7a (aproximadamente 240 kg) e at\u00e9 42 meses de idade. Atende aos padr\u00f5es do mercado nacional e internacional, incluindo exporta\u00e7\u00f5es para Europa, China e cota Hilton.<\/p>\n\n\n\n<h2 class=\"wp-block-heading\"><strong>Diferen\u00e7as entre frango congelado e frango resfriado<\/strong><\/h2>\n\n\n\n<p>O frango congelado passa por congelamento r\u00e1pido, com temperaturas abaixo de -12\u00b0C, garantindo maior vida \u00fatil para armazenamento e transporte a longas dist\u00e2ncias.<\/p>\n\n\n\n<p>J\u00e1 o frango resfriado \u00e9 mantido entre 0\u00b0C e 4\u00b0C, com validade de 5 a 7 dias, oferecendo textura e sabor mais pr\u00f3ximos do fresco, ideal para consumidores exigentes e restaurantes.<\/p>\n","protected":false},"excerpt":{"rendered":"<p>Arroba \u00e9 negociada a R$ 346; mercado de frango tamb\u00e9m apresenta valoriza\u00e7\u00e3o, enquanto su\u00ednos t\u00eam queda Data de publica\u00e7\u00e3o: 02 de Setembro de 2026, 04:00h O pre\u00e7o do boi gordo teve um aumento nesta quarta-feira (2). Em S\u00e3o Paulo, a arroba \u00e9 negociada a R$ 346,00. INDICADOR DO BOI GORDO CEPEA\/ESALQ&nbsp; Data Valor R$* Var.\/Dia [&hellip;]<\/p>\n","protected":false},"author":2,"featured_media":24981,"comment_status":"closed","ping_status":"closed","sticky":false,"template":"","format":"standard","meta":{"_monsterinsights_skip_tracking":false,"footnotes":""},"categories":[54],"tags":[],"_links":{"self":[{"href":"https:\/\/nazarenonews.com.br\/index.php\/wp-json\/wp\/v2\/posts\/25621"}],"collection":[{"href":"https:\/\/nazarenonews.com.br\/index.php\/wp-json\/wp\/v2\/posts"}],"about":[{"href":"https:\/\/nazarenonews.com.br\/index.php\/wp-json\/wp\/v2\/types\/post"}],"author":[{"embeddable":true,"href":"https:\/\/nazarenonews.com.br\/index.php\/wp-json\/wp\/v2\/users\/2"}],"replies":[{"embeddable":true,"href":"https:\/\/nazarenonews.com.br\/index.php\/wp-json\/wp\/v2\/comments?post=25621"}],"version-history":[{"count":1,"href":"https:\/\/nazarenonews.com.br\/index.php\/wp-json\/wp\/v2\/posts\/25621\/revisions"}],"predecessor-version":[{"id":25622,"href":"https:\/\/nazarenonews.com.br\/index.php\/wp-json\/wp\/v2\/posts\/25621\/revisions\/25622"}],"wp:featuredmedia":[{"embeddable":true,"href":"https:\/\/nazarenonews.com.br\/index.php\/wp-json\/wp\/v2\/media\/24981"}],"wp:attachment":[{"href":"https:\/\/nazarenonews.com.br\/index.php\/wp-json\/wp\/v2\/media?parent=25621"}],"wp:term":[{"taxonomy":"category","embeddable":true,"href":"https:\/\/nazarenonews.com.br\/index.php\/wp-json\/wp\/v2\/categories?post=25621"},{"taxonomy":"post_tag","embeddable":true,"href":"https:\/\/nazarenonews.com.br\/index.php\/wp-json\/wp\/v2\/tags?post=25621"}],"curies":[{"name":"wp","href":"https:\/\/api.w.org\/{rel}","templated":true}]}}