{"id":25613,"date":"2026-09-02T07:06:25","date_gmt":"2026-09-02T11:06:25","guid":{"rendered":"https:\/\/nazarenonews.com.br\/?p=25613"},"modified":"2026-09-02T07:06:25","modified_gmt":"2026-09-02T11:06:25","slug":"idoso-estuprou-a-neta-mandou-tomar-banho-e-a-levou-ao-culto","status":"publish","type":"post","link":"https:\/\/nazarenonews.com.br\/index.php\/2026\/09\/02\/idoso-estuprou-a-neta-mandou-tomar-banho-e-a-levou-ao-culto\/","title":{"rendered":"Idoso estuprou a neta, mandou tomar banho e a levou ao culto"},"content":{"rendered":"\n<p><\/p>\n\n\n\n<p>Um homem de 60 anos foi preso nessa segunda-feira (31) por abusar sexualmente da pr\u00f3pria neta de 8 anos de idade, em Cuiab\u00e1.&nbsp;As investiga\u00e7\u00f5es iniciaram ap\u00f3s a m\u00e3e acionar a pol\u00edcia para denunciar os fatos.<\/p>\n\n\n\n<p>Segundo as informa\u00e7\u00f5es, a m\u00e3e deixou a filha na casa do av\u00f4, no domingo (30), para que ela o acompanhasse na igreja. Quando o av\u00f4 entregou a crian\u00e7a, na segunda-feira (31), a m\u00e3e notou que a filha apresentava dores e dificuldade para andar.<\/p>\n\n\n\n<p>Ao questionar a filha sobre o que havia ocorrido, ela come\u00e7ou a chorar e contou para a m\u00e3e sobre os abusos. A v\u00edtima relatou que, ap\u00f3s a viol\u00eancia sexual, o av\u00f4 determinou que ela tomasse banho para, em seguida, irem para o culto, onde permaneceram como se nada tivesse ocorrido.<\/p>\n\n\n\n<p><\/p>\n\n\n\n<p>A crian\u00e7a informou que os abusos j\u00e1 haviam ocorrido em outras ocasi\u00f5es. Os policiais do Plant\u00e3o de Atendimento a V\u00edtimas de Viol\u00eancia Dom\u00e9stica e Sexual de Cuiab\u00e1 iniciaram as dilig\u00eancias e localizaram o suspeito no momento em que ele chegava \u00e0 resid\u00eancia, onde foi preso.<\/p>\n\n\n\n<p>O suspeito foi conduzido \u00e0 unidade policial, onde foi interrogado e autuado em flagrante por estupro de vulner\u00e1vel. Em seguida, ele foi encaminhado para audi\u00eancia de cust\u00f3dia e permaneceu \u00e0 disposi\u00e7\u00e3o da Justi\u00e7a.<\/p>\n\n\n\n<p>A Pol\u00edcia Civil representou ao Judici\u00e1rio pela convers\u00e3o da pris\u00e3o em flagrante em preventiva e requereu medidas de prote\u00e7\u00e3o \u00e0 menor, com base na Lei Henry Borel.<\/p>\n\n\n\n<p>gazetadigital<\/p>\n\n\n\n<p><a href=\"http:\/\/www.facebook.com\/sharer.php?u=https:\/\/www.gazetadigital.com.br\/editorias\/policia\/idoso-estuprou-a-neta-mandou-tomar-banho-e-a-levou-ao-culto\/858113\"><\/a><\/p>\n","protected":false},"excerpt":{"rendered":"<p>Um homem de 60 anos foi preso nessa segunda-feira (31) por abusar sexualmente da pr\u00f3pria neta de 8 anos de idade, em Cuiab\u00e1.&nbsp;As investiga\u00e7\u00f5es iniciaram ap\u00f3s a m\u00e3e acionar a pol\u00edcia para denunciar os fatos. Segundo as informa\u00e7\u00f5es, a m\u00e3e deixou a filha na casa do av\u00f4, no domingo (30), para que ela o acompanhasse [&hellip;]<\/p>\n","protected":false},"author":2,"featured_media":25614,"comment_status":"closed","ping_status":"closed","sticky":false,"template":"","format":"standard","meta":{"_monsterinsights_skip_tracking":false,"footnotes":""},"categories":[1],"tags":[],"_links":{"self":[{"href":"https:\/\/nazarenonews.com.br\/index.php\/wp-json\/wp\/v2\/posts\/25613"}],"collection":[{"href":"https:\/\/nazarenonews.com.br\/index.php\/wp-json\/wp\/v2\/posts"}],"about":[{"href":"https:\/\/nazarenonews.com.br\/index.php\/wp-json\/wp\/v2\/types\/post"}],"author":[{"embeddable":true,"href":"https:\/\/nazarenonews.com.br\/index.php\/wp-json\/wp\/v2\/users\/2"}],"replies":[{"embeddable":true,"href":"https:\/\/nazarenonews.com.br\/index.php\/wp-json\/wp\/v2\/comments?post=25613"}],"version-history":[{"count":1,"href":"https:\/\/nazarenonews.com.br\/index.php\/wp-json\/wp\/v2\/posts\/25613\/revisions"}],"predecessor-version":[{"id":25615,"href":"https:\/\/nazarenonews.com.br\/index.php\/wp-json\/wp\/v2\/posts\/25613\/revisions\/25615"}],"wp:featuredmedia":[{"embeddable":true,"href":"https:\/\/nazarenonews.com.br\/index.php\/wp-json\/wp\/v2\/media\/25614"}],"wp:attachment":[{"href":"https:\/\/nazarenonews.com.br\/index.php\/wp-json\/wp\/v2\/media?parent=25613"}],"wp:term":[{"taxonomy":"category","embeddable":true,"href":"https:\/\/nazarenonews.com.br\/index.php\/wp-json\/wp\/v2\/categories?post=25613"},{"taxonomy":"post_tag","embeddable":true,"href":"https:\/\/nazarenonews.com.br\/index.php\/wp-json\/wp\/v2\/tags?post=25613"}],"curies":[{"name":"wp","href":"https:\/\/api.w.org\/{rel}","templated":true}]}}