{"id":25610,"date":"2026-09-02T07:04:47","date_gmt":"2026-09-02T11:04:47","guid":{"rendered":"https:\/\/nazarenonews.com.br\/?p=25610"},"modified":"2026-09-02T07:04:48","modified_gmt":"2026-09-02T11:04:48","slug":"chuva-surpreende-mato-grossenses-e-deixa-dias-menos-quentes-em-cuiabrasa","status":"publish","type":"post","link":"https:\/\/nazarenonews.com.br\/index.php\/2026\/09\/02\/chuva-surpreende-mato-grossenses-e-deixa-dias-menos-quentes-em-cuiabrasa\/","title":{"rendered":"Chuva surpreende mato-grossenses e deixa dias &#8216;menos quentes&#8217; em &#8216;cuiabrasa&#8217;"},"content":{"rendered":"\n<p>Ap\u00f3s uma temporada de calor intenso em Mato Grosso, setembro come\u00e7ou com mudan\u00e7a no tempo em Cuiab\u00e1 e regi\u00e3o. Nesta ter\u00e7a-feira (1), a manh\u00e3 foi abafada, com per\u00edodos de sol. J\u00e1 durante a tarde, o cen\u00e1rio mudou e o c\u00e9u ficou carregado, com muitas nuvens e pancadas de chuva isoladas no bairro Coophamil,&nbsp;Nova Esperan\u00e7a,&nbsp;Carumb\u00e9, Alvorada, avenida do CPA e em algumas partes de V\u00e1rzea Grande.&nbsp;<\/p>\n\n\n\n<p>A chuva ajudou a dissipar fuma\u00e7a que pairava sobre a cidade h\u00e1 dias e tamb\u00e9m a controlar inc\u00eandios florestais no Morro de Santo Ant\u00f4nio e imedia\u00e7\u00f5es.<\/p>\n\n\n\n<p>As temperaturas seguem &#8220;menos quentes&#8221; em boa parte dos munic\u00edpios de Mato Grosso. De acordo com o Instituto Nacional de Meteorologia (Inmet), a previs\u00e3o indica manh\u00e3s e noites com temperaturas mais baixas, enquanto o calor deve predominar durante as tardes, acompanhadas de tempo chuvoso e abafado.<\/p>\n\n\n\n<p><strong>Leia tamb\u00e9m &#8211;&nbsp;<a href=\"https:\/\/www.gazetadigital.com.br\/editorias\/cidades\/cuiaba-convoca-profissionais-para-primeiro-forum-entre-nos-sobre-saude-mental\/858145\">Cuiab\u00e1 convoca profissionais para primeiro F\u00f3rum Entre N\u00f3s sobre sa\u00fade mental<\/a><\/strong><\/p>\n\n\n\n<p>Em Cuiab\u00e1, esta ter\u00e7a-feira (1) segue com m\u00ednima de 29\u00b0C e m\u00e1xima de 39\u00b0C. Para a manh\u00e3 de quarta-feira (2), a previs\u00e3o \u00e9 de muitas nuvens, com possibilidade de chuva isolada e m\u00ednima de 23\u00b0C. Apesar da queda nas temperaturas no in\u00edcio do dia, a m\u00e1xima pode chegar aos 35\u00b0C. Ao longo da semana, as m\u00ednimas devem ficar entre 24\u00b0C e 25\u00b0C, enquanto no fim de semana podem subir para cerca de 28\u00b0C.<\/p>\n\n\n\n<p>Em Chapada dos Guimar\u00e3es, (a 67 km de Cuiab\u00e1), os dias continuam mais frios, principalmente durante as manh\u00e3s e noites. A previs\u00e3o aponta m\u00ednimas de 20\u00b0C e m\u00e1ximas que podem chegar a 37\u00b0C ao longo da semana. No s\u00e1bado e no domingo, a tend\u00eancia \u00e9 de uma leve eleva\u00e7\u00e3o nas temperaturas.<\/p>\n\n\n\n<p>Em C\u00e1ceres, (a 225 km da capital), o tempo tamb\u00e9m fica parcialmente nublado nesta ter\u00e7a-feira, com m\u00ednima de 23\u00b0C. Na quarta-feira, os term\u00f4metros devem registrar uma leve queda, com m\u00ednima de 20\u00b0C. As m\u00e1ximas, por\u00e9m, podem chegar a 40\u00b0C, mostrando uma grande varia\u00e7\u00e3o t\u00e9rmica ao longo do dia. A previs\u00e3o tamb\u00e9m indica muitas nuvens e possibilidade de pancadas de chuva isoladas.<\/p>\n\n\n\n<p>No sul de Mato Grosso, Rondon\u00f3polis, (a 212 km de Cuiab\u00e1), deve seguir um padr\u00e3o semelhante, embora com temperaturas um pouco mais altas. Durante a semana, a m\u00ednima deve ficar em torno de 22\u00b0C, enquanto a m\u00e1xima pode atingir 37\u00b0C. A previs\u00e3o indica manh\u00e3s nubladas e possibilidade de chuva durante as tardes. No fim de semana, os term\u00f4metros podem subir, com m\u00ednima de 26\u00b0C e m\u00e1xima de 38\u00b0C.<\/p>\n\n\n\n<p>Em Sinop, (a 500 km de Cuiab\u00e1), a previs\u00e3o indica m\u00ednima de 19\u00b0C e m\u00e1xima de 34\u00b0C. Ao longo da semana, as temperaturas devem subir gradualmente e, at\u00e9 sexta-feira, o clima pode voltar ao padr\u00e3o mais quente caracter\u00edstico da regi\u00e3o.<\/p>\n\n\n\n<p>gazetadigital<\/p>\n","protected":false},"excerpt":{"rendered":"<p>Ap\u00f3s uma temporada de calor intenso em Mato Grosso, setembro come\u00e7ou com mudan\u00e7a no tempo em Cuiab\u00e1 e regi\u00e3o. Nesta ter\u00e7a-feira (1), a manh\u00e3 foi abafada, com per\u00edodos de sol. J\u00e1 durante a tarde, o cen\u00e1rio mudou e o c\u00e9u ficou carregado, com muitas nuvens e pancadas de chuva isoladas no bairro Coophamil,&nbsp;Nova Esperan\u00e7a,&nbsp;Carumb\u00e9, Alvorada, [&hellip;]<\/p>\n","protected":false},"author":2,"featured_media":25611,"comment_status":"closed","ping_status":"closed","sticky":false,"template":"","format":"standard","meta":{"_monsterinsights_skip_tracking":false,"footnotes":""},"categories":[1],"tags":[],"_links":{"self":[{"href":"https:\/\/nazarenonews.com.br\/index.php\/wp-json\/wp\/v2\/posts\/25610"}],"collection":[{"href":"https:\/\/nazarenonews.com.br\/index.php\/wp-json\/wp\/v2\/posts"}],"about":[{"href":"https:\/\/nazarenonews.com.br\/index.php\/wp-json\/wp\/v2\/types\/post"}],"author":[{"embeddable":true,"href":"https:\/\/nazarenonews.com.br\/index.php\/wp-json\/wp\/v2\/users\/2"}],"replies":[{"embeddable":true,"href":"https:\/\/nazarenonews.com.br\/index.php\/wp-json\/wp\/v2\/comments?post=25610"}],"version-history":[{"count":1,"href":"https:\/\/nazarenonews.com.br\/index.php\/wp-json\/wp\/v2\/posts\/25610\/revisions"}],"predecessor-version":[{"id":25612,"href":"https:\/\/nazarenonews.com.br\/index.php\/wp-json\/wp\/v2\/posts\/25610\/revisions\/25612"}],"wp:featuredmedia":[{"embeddable":true,"href":"https:\/\/nazarenonews.com.br\/index.php\/wp-json\/wp\/v2\/media\/25611"}],"wp:attachment":[{"href":"https:\/\/nazarenonews.com.br\/index.php\/wp-json\/wp\/v2\/media?parent=25610"}],"wp:term":[{"taxonomy":"category","embeddable":true,"href":"https:\/\/nazarenonews.com.br\/index.php\/wp-json\/wp\/v2\/categories?post=25610"},{"taxonomy":"post_tag","embeddable":true,"href":"https:\/\/nazarenonews.com.br\/index.php\/wp-json\/wp\/v2\/tags?post=25610"}],"curies":[{"name":"wp","href":"https:\/\/api.w.org\/{rel}","templated":true}]}}