{"id":25607,"date":"2026-09-02T07:01:20","date_gmt":"2026-09-02T11:01:20","guid":{"rendered":"https:\/\/nazarenonews.com.br\/?p=25607"},"modified":"2026-09-02T07:01:20","modified_gmt":"2026-09-02T11:01:20","slug":"medeiros-pede-prisao-de-moraes-apos-mensagens-com-vorcaro","status":"publish","type":"post","link":"https:\/\/nazarenonews.com.br\/index.php\/2026\/09\/02\/medeiros-pede-prisao-de-moraes-apos-mensagens-com-vorcaro\/","title":{"rendered":"Medeiros pede pris\u00e3o de Moraes ap\u00f3s mensagens com Vorcaro"},"content":{"rendered":"\n<p>O deputado federal e candidato ao Senado Jos\u00e9 Medeiros (PL) pediu nesta ter\u00e7a-feira (1\u00ba) a pris\u00e3o do ministro Alexandre de Moraes, do STF (Supremo Tribunal Federal), ap\u00f3s a divulga\u00e7\u00e3o de mensagens atribu\u00eddas ao magistrado e ao empres\u00e1rio Daniel Vorcaro, ex-dono do Banco Master.<\/p>\n\n\n\n<p>Medeiros comparou o epis\u00f3dio \u00e0 pris\u00e3o do ent\u00e3o senador Delc\u00eddio do Amaral, em 2015, durante a Opera\u00e7\u00e3o Lava Jato. Na ocasi\u00e3o, Delc\u00eddio foi preso por ordem do Supremo ap\u00f3s a divulga\u00e7\u00e3o de uma grava\u00e7\u00e3o em que discutia medidas para evitar que o ex-diretor da Petrobras Nestor Cerver\u00f3 firmasse dela\u00e7\u00e3o e deixasse o pa\u00eds.<\/p>\n\n\n\n<p>\u201cEu estava no Senado quando o ent\u00e3o Delc\u00eddio do Amaral conversou e tinha o \u00e1udio dele conversando com Cerver\u00f3 a respeito de uma poss\u00edvel fuga do Cerver\u00f3. O STF mandou prender o Delc\u00eddio do Amaral e ele foi preso\u201d, afirmou.<\/p>\n\n\n\n<p>\u201cO ministro Alexandre de Moraes tinha uma conversa similar com o Vorcaro. Ent\u00e3o eu venho aqui encarecidamente pedir ao ministro Andr\u00e9 Mendon\u00e7a: o senhor precisa prender Alexandre de Moraes. Pau que bate em Chico tem que bater em Alexandre tamb\u00e9m\u201d, declarou.<\/p>\n\n\n\n<p>Reportagens da&nbsp;<strong>Folha de S.Paulo<\/strong>&nbsp;publicadas nesta ter\u00e7a-feira informam que a PF encontrou no celular de Vorcaro mensagens que mencionam poss\u00edveis pedidos de ajuda a \u201cAndrei e Paulo\u201d, que os investigadores suspeitam serem refer\u00eancias a Andrei Rodrigues, diretor-geral da PF, e Paulo Gonet, procurador-geral da Rep\u00fablica. O material foi encaminhado por Mendon\u00e7a \u00e0 Procuradoria-Geral da Rep\u00fablica (PGR).<\/p>\n\n\n\n<p>A PF tamb\u00e9m identificou mensagens relacionadas a um contrato de R$ 131 milh\u00f5es entre o Banco Master e o escrit\u00f3rio de advocacia de Viviane Barci de Moraes, mulher do ministro.<\/p>\n\n\n\n<p>Segundo a Folha, Moraes teria feito edi\u00e7\u00f5es em uma minuta do contrato. O escrit\u00f3rio afirma que ele foi consultado pelo setor de compliance sobre eventual impedimento legal e que n\u00e3o havia impedimento.<\/p>\n\n\n\n<p>Para Medeiros, o caso demonstra a necessidade de o STF adotar o mesmo rigor independentemente de quem esteja envolvido. \u201cN\u00e3o pode existir dois pesos e duas medidas\u201d, afirmou.<\/p>\n\n\n\n<p>A identifica\u00e7\u00e3o do interlocutor de Vorcaro e o contexto das mensagens atribu\u00eddas a Moraes ainda s\u00e3o objeto de investiga\u00e7\u00e3o.<\/p>\n\n\n\n<p>Midianews <\/p>\n","protected":false},"excerpt":{"rendered":"<p>O deputado federal e candidato ao Senado Jos\u00e9 Medeiros (PL) pediu nesta ter\u00e7a-feira (1\u00ba) a pris\u00e3o do ministro Alexandre de Moraes, do STF (Supremo Tribunal Federal), ap\u00f3s a divulga\u00e7\u00e3o de mensagens atribu\u00eddas ao magistrado e ao empres\u00e1rio Daniel Vorcaro, ex-dono do Banco Master. Medeiros comparou o epis\u00f3dio \u00e0 pris\u00e3o do ent\u00e3o senador Delc\u00eddio do Amaral, [&hellip;]<\/p>\n","protected":false},"author":2,"featured_media":25608,"comment_status":"closed","ping_status":"closed","sticky":false,"template":"","format":"standard","meta":{"_monsterinsights_skip_tracking":false,"footnotes":""},"categories":[1,48],"tags":[],"_links":{"self":[{"href":"https:\/\/nazarenonews.com.br\/index.php\/wp-json\/wp\/v2\/posts\/25607"}],"collection":[{"href":"https:\/\/nazarenonews.com.br\/index.php\/wp-json\/wp\/v2\/posts"}],"about":[{"href":"https:\/\/nazarenonews.com.br\/index.php\/wp-json\/wp\/v2\/types\/post"}],"author":[{"embeddable":true,"href":"https:\/\/nazarenonews.com.br\/index.php\/wp-json\/wp\/v2\/users\/2"}],"replies":[{"embeddable":true,"href":"https:\/\/nazarenonews.com.br\/index.php\/wp-json\/wp\/v2\/comments?post=25607"}],"version-history":[{"count":1,"href":"https:\/\/nazarenonews.com.br\/index.php\/wp-json\/wp\/v2\/posts\/25607\/revisions"}],"predecessor-version":[{"id":25609,"href":"https:\/\/nazarenonews.com.br\/index.php\/wp-json\/wp\/v2\/posts\/25607\/revisions\/25609"}],"wp:featuredmedia":[{"embeddable":true,"href":"https:\/\/nazarenonews.com.br\/index.php\/wp-json\/wp\/v2\/media\/25608"}],"wp:attachment":[{"href":"https:\/\/nazarenonews.com.br\/index.php\/wp-json\/wp\/v2\/media?parent=25607"}],"wp:term":[{"taxonomy":"category","embeddable":true,"href":"https:\/\/nazarenonews.com.br\/index.php\/wp-json\/wp\/v2\/categories?post=25607"},{"taxonomy":"post_tag","embeddable":true,"href":"https:\/\/nazarenonews.com.br\/index.php\/wp-json\/wp\/v2\/tags?post=25607"}],"curies":[{"name":"wp","href":"https:\/\/api.w.org\/{rel}","templated":true}]}}