{"id":25602,"date":"2026-09-01T09:14:52","date_gmt":"2026-09-01T13:14:52","guid":{"rendered":"https:\/\/nazarenonews.com.br\/?p=25602"},"modified":"2026-09-01T09:15:07","modified_gmt":"2026-09-01T13:15:07","slug":"homem-e-preso-apos-colocar-1-kg-de-droga-no-carro-da-ex-para-incrimina-la-em-cuiaba","status":"publish","type":"post","link":"https:\/\/nazarenonews.com.br\/index.php\/2026\/09\/01\/homem-e-preso-apos-colocar-1-kg-de-droga-no-carro-da-ex-para-incrimina-la-em-cuiaba\/","title":{"rendered":"Homem \u00e9 preso ap\u00f3s colocar 1 kg de droga no carro da ex para incrimin\u00e1-la em Cuiab\u00e1"},"content":{"rendered":"\n<p>Um homem foi preso pela Pol\u00edcia Civil nesta segunda-feira (31), em Cuiab\u00e1, acusado de colocar aproximadamente um quilo de droga no carro da ex-namorada com o objetivo de incrimin\u00e1-la. O suspeito ainda tentou fugir durante a abordagem e acabou localizado ap\u00f3s uma opera\u00e7\u00e3o que contou com o apoio do helic\u00f3ptero \u00c1guia 02, do Centro Integrado de Opera\u00e7\u00f5es A\u00e9reas (Ciopaer).\u00a0<\/p>\n\n\n\n<p>Al\u00e9m do tr\u00e1fico de drogas, ele \u00e9 investigado pelos crimes de amea\u00e7a, denuncia\u00e7\u00e3o caluniosa e viol\u00eancia dom\u00e9stica e familiar contra a mulher.<\/p>\n\n\n\n<p>A ocorr\u00eancia come\u00e7ou no domingo (30), ap\u00f3s a Diretoria de Intelig\u00eancia da Pol\u00edcia Civil receber uma den\u00fancia sobre um poss\u00edvel caso de tr\u00e1fico de drogas. As informa\u00e7\u00f5es foram repassadas \u00e0 Delegacia Especializada de Repress\u00e3o a Entorpecentes (Denarc), que iniciou as dilig\u00eancias.<\/p>\n\n\n\n<p>Durante a investiga\u00e7\u00e3o, os policiais identificaram o envolvimento do suspeito e localizaram cerca de um quilo de entorpecente dentro do ve\u00edculo utilizado pela ex-namorada.<\/p>\n\n\n\n<p>Conforme as apura\u00e7\u00f5es, o homem teria manipulado o carro e escondido a droga no interior do ve\u00edculo com a inten\u00e7\u00e3o de prejudicar a mulher e fazer com que ela fosse responsabilizada pelo crime.<\/p>\n\n\n\n<p>Ap\u00f3s ser identificado, o suspeito foi localizado no condom\u00ednio Supremo It\u00e1lia, no bairro Jardim It\u00e1lia, regi\u00e3o pr\u00f3xima ao Parque Tia Nair.<\/p>\n\n\n\n<p>Ao perceber a aproxima\u00e7\u00e3o dos policiais, ele tentou escapar e chegou a se esconder entre as plantas de uma resid\u00eancia.<\/p>\n\n\n\n<p>Diante da tentativa de fuga, as equipes solicitaram apoio do helic\u00f3ptero \u00c1guia 02, do Ciopaer. A aeronave realizou um cerco a\u00e9reo na regi\u00e3o para impedir que o suspeito deixasse o local.<\/p>\n\n\n\n<p>Ap\u00f3s as buscas, o homem foi localizado e preso por policiais da Denarc, com apoio da equipe a\u00e9rea.<\/p>\n\n\n\n<p>Ele foi encaminhado para a unidade policial, onde foram realizados os procedimentos legais. Posteriormente, ficou \u00e0 disposi\u00e7\u00e3o do Poder Judici\u00e1rio.<\/p>\n\n\n\n<p>O suspeito poder\u00e1 responder por tr\u00e1fico de drogas, amea\u00e7a, denuncia\u00e7\u00e3o caluniosa e viol\u00eancia dom\u00e9stica e familiar contra a mulher.<\/p>\n\n\n\n<p>Folha do Estado<\/p>\n","protected":false},"excerpt":{"rendered":"<p>Um homem foi preso pela Pol\u00edcia Civil nesta segunda-feira (31), em Cuiab\u00e1, acusado de colocar aproximadamente um quilo de droga no carro da ex-namorada com o objetivo de incrimin\u00e1-la. O suspeito ainda tentou fugir durante a abordagem e acabou localizado ap\u00f3s uma opera\u00e7\u00e3o que contou com o apoio do helic\u00f3ptero \u00c1guia 02, do Centro Integrado [&hellip;]<\/p>\n","protected":false},"author":2,"featured_media":25603,"comment_status":"closed","ping_status":"closed","sticky":false,"template":"","format":"standard","meta":{"_monsterinsights_skip_tracking":false,"footnotes":""},"categories":[36,51,1],"tags":[],"_links":{"self":[{"href":"https:\/\/nazarenonews.com.br\/index.php\/wp-json\/wp\/v2\/posts\/25602"}],"collection":[{"href":"https:\/\/nazarenonews.com.br\/index.php\/wp-json\/wp\/v2\/posts"}],"about":[{"href":"https:\/\/nazarenonews.com.br\/index.php\/wp-json\/wp\/v2\/types\/post"}],"author":[{"embeddable":true,"href":"https:\/\/nazarenonews.com.br\/index.php\/wp-json\/wp\/v2\/users\/2"}],"replies":[{"embeddable":true,"href":"https:\/\/nazarenonews.com.br\/index.php\/wp-json\/wp\/v2\/comments?post=25602"}],"version-history":[{"count":2,"href":"https:\/\/nazarenonews.com.br\/index.php\/wp-json\/wp\/v2\/posts\/25602\/revisions"}],"predecessor-version":[{"id":25605,"href":"https:\/\/nazarenonews.com.br\/index.php\/wp-json\/wp\/v2\/posts\/25602\/revisions\/25605"}],"wp:featuredmedia":[{"embeddable":true,"href":"https:\/\/nazarenonews.com.br\/index.php\/wp-json\/wp\/v2\/media\/25603"}],"wp:attachment":[{"href":"https:\/\/nazarenonews.com.br\/index.php\/wp-json\/wp\/v2\/media?parent=25602"}],"wp:term":[{"taxonomy":"category","embeddable":true,"href":"https:\/\/nazarenonews.com.br\/index.php\/wp-json\/wp\/v2\/categories?post=25602"},{"taxonomy":"post_tag","embeddable":true,"href":"https:\/\/nazarenonews.com.br\/index.php\/wp-json\/wp\/v2\/tags?post=25602"}],"curies":[{"name":"wp","href":"https:\/\/api.w.org\/{rel}","templated":true}]}}