{"id":25600,"date":"2026-09-01T09:13:33","date_gmt":"2026-09-01T13:13:33","guid":{"rendered":"https:\/\/nazarenonews.com.br\/?p=25600"},"modified":"2026-09-01T09:16:19","modified_gmt":"2026-09-01T13:16:19","slug":"meta-derruba-perfis-de-renan-santos-a-pedido-de-toffoli","status":"publish","type":"post","link":"https:\/\/nazarenonews.com.br\/index.php\/2026\/09\/01\/meta-derruba-perfis-de-renan-santos-a-pedido-de-toffoli\/","title":{"rendered":"Meta derruba perfis de Renan Santos a pedido de Toffoli"},"content":{"rendered":"\n<p>A Meta informou ao Tribunal Superior Eleitoral (TSE) que retirou do ar os perfis de Renan Santos citados na decis\u00e3o do ministro Dias Toffoli que\u00a0restringiu parte da campanha digital do candidato do Miss\u00e3o \u00e0 Presid\u00eancia da Rep\u00fablica.<\/p>\n\n\n\n<p>Em manifesta\u00e7\u00e3o enviada \u00e0 Corte, a empresa afirmou que tornou indispon\u00edveis as contas e o perfil indicados na ordem judicial e que tamb\u00e9m retirou essas p\u00e1ginas dos sistemas de recomenda\u00e7\u00e3o do Facebook e do Instagram.<\/p>\n\n\n\n<p>Al\u00e9m da Meta, o TikTok tamb\u00e9m informou ao TSE ter suspendido os perfis do candidato na plataforma.<\/p>\n\n\n\n<p>A medida atende a uma decis\u00e3o de Toffoli divulgada nesta segunda-feira (31), que determinou a suspens\u00e3o da propaganda eleitoral em perfis n\u00e3o informados \u00e0 Justi\u00e7a Eleitoral dentro do prazo legal.<\/p>\n\n\n\n<p>A Meta tamb\u00e9m informou que adotou provid\u00eancias para preservar os dados dispon\u00edveis relacionados \u00e0s contas a partir de 7 de agosto, conforme determinado pelo ministro.<\/p>\n\n\n\n<p>A decis\u00e3o de Toffoli faz parte da an\u00e1lise do pedido de registro de candidatura de Renan Santos.<\/p>\n\n\n\n<p>O ministro apontou ind\u00edcios de irregularidades na atua\u00e7\u00e3o digital da campanha e considerou que houve uma &#8220;omiss\u00e3o estrat\u00e9gica&#8221; na comunica\u00e7\u00e3o \u00e0 Justi\u00e7a Eleitoral das contas utilizadas para propaganda.<\/p>\n\n\n\n<h2 class=\"wp-block-heading\">Meta diz que cumpriu decis\u00e3o<\/h2>\n\n\n\n<p>No documento encaminhado ao TSE, o Facebook Brasil informou que, ap\u00f3s ser comunicado da decis\u00e3o, acionou a Meta Platforms para adotar as medidas determinadas pela Justi\u00e7a Eleitoral.<\/p>\n\n\n\n<p>Segundo a manifesta\u00e7\u00e3o, a empresa:<\/p>\n\n\n\n<ul>\n<li>tornou indispon\u00edveis as contas e o perfil listados na decis\u00e3o;<\/li>\n\n\n\n<li>excluiu essas contas dos sistemas de recomenda\u00e7\u00e3o do Facebook e do Instagram;<\/li>\n\n\n\n<li>preservou dados relacionados aos perfis a partir de 7 de agosto de 2026.<\/li>\n<\/ul>\n\n\n\n<p>A empresa tamb\u00e9m afirmou que poder\u00e1 ser novamente oficiada para cumprir eventuais novas determina\u00e7\u00f5es judiciais.<\/p>\n\n\n\n<h2 class=\"wp-block-heading\">O que decidiu Toffoli<\/h2>\n\n\n\n<p>Na decis\u00e3o divulgada nesta segunda, Toffoli suspendeu a propaganda eleitoral da chapa de Renan Santos e Aroldo Medina em perfis n\u00e3o informados ao TSE dentro do prazo previsto na legisla\u00e7\u00e3o.<\/p>\n\n\n\n<p>O ministro tamb\u00e9m determinou:<\/p>\n\n\n\n<ul>\n<li>a suspens\u00e3o de repasses do Fundo Eleitoral \u00e0 chapa;<\/li>\n\n\n\n<li>a proibi\u00e7\u00e3o de gastos com recursos eventualmente j\u00e1 recebidos;<\/li>\n\n\n\n<li>a veda\u00e7\u00e3o da participa\u00e7\u00e3o dos candidatos em debates de r\u00e1dio, televis\u00e3o, podcasts e outros meios de comunica\u00e7\u00e3o enquanto a decis\u00e3o estiver em vigor.<\/li>\n<\/ul>\n\n\n\n<p>Renan Santos informou ao registrar a candidatura apenas um perfil na rede X e um site.<\/p>\n\n\n\n<p><strong>Posteriormente, a campanha apresentou outras contas \u00e0 Justi\u00e7a Eleitoral.<\/strong><\/p>\n\n\n\n<p>Para Toffoli, a comunica\u00e7\u00e3o tardia dos perfis compromete a fiscaliza\u00e7\u00e3o da propaganda digital.<\/p>\n\n\n\n<p>O candidato pode continuar utilizando os canais informados originalmente ao TSE.<\/p>\n\n\n\n<h2 class=\"wp-block-heading\">Perfis e conte\u00fados sob investiga\u00e7\u00e3o<\/h2>\n\n\n\n<p>Ao determinar a suspens\u00e3o dos perfis, Toffoli ordenou que as plataformas preservassem conte\u00fados e registros relacionados \u00e0s contas desde 7 de agosto.<\/p>\n\n\n\n<p>O ministro tamb\u00e9m exigiu o fornecimento de informa\u00e7\u00f5es sobre postagens, impulsionamentos, recomenda\u00e7\u00f5es e an\u00fancios realizados nesses perfis, incluindo dados de alcance e valores eventualmente envolvidos.<\/p>\n\n\n\n<p>At\u00e9 a \u00faltima atualiza\u00e7\u00e3o desta reportagem, Renan Santos n\u00e3o havia se manifestado sobre o comunicado da Meta ao TSE.<\/p>\n\n\n\n<p>g1<\/p>\n","protected":false},"excerpt":{"rendered":"<p>A Meta informou ao Tribunal Superior Eleitoral (TSE) que retirou do ar os perfis de Renan Santos citados na decis\u00e3o do ministro Dias Toffoli que\u00a0restringiu parte da campanha digital do candidato do Miss\u00e3o \u00e0 Presid\u00eancia da Rep\u00fablica. Em manifesta\u00e7\u00e3o enviada \u00e0 Corte, a empresa afirmou que tornou indispon\u00edveis as contas e o perfil indicados na [&hellip;]<\/p>\n","protected":false},"author":2,"featured_media":25606,"comment_status":"closed","ping_status":"closed","sticky":false,"template":"","format":"standard","meta":{"_monsterinsights_skip_tracking":false,"footnotes":""},"categories":[1,48],"tags":[],"_links":{"self":[{"href":"https:\/\/nazarenonews.com.br\/index.php\/wp-json\/wp\/v2\/posts\/25600"}],"collection":[{"href":"https:\/\/nazarenonews.com.br\/index.php\/wp-json\/wp\/v2\/posts"}],"about":[{"href":"https:\/\/nazarenonews.com.br\/index.php\/wp-json\/wp\/v2\/types\/post"}],"author":[{"embeddable":true,"href":"https:\/\/nazarenonews.com.br\/index.php\/wp-json\/wp\/v2\/users\/2"}],"replies":[{"embeddable":true,"href":"https:\/\/nazarenonews.com.br\/index.php\/wp-json\/wp\/v2\/comments?post=25600"}],"version-history":[{"count":1,"href":"https:\/\/nazarenonews.com.br\/index.php\/wp-json\/wp\/v2\/posts\/25600\/revisions"}],"predecessor-version":[{"id":25601,"href":"https:\/\/nazarenonews.com.br\/index.php\/wp-json\/wp\/v2\/posts\/25600\/revisions\/25601"}],"wp:featuredmedia":[{"embeddable":true,"href":"https:\/\/nazarenonews.com.br\/index.php\/wp-json\/wp\/v2\/media\/25606"}],"wp:attachment":[{"href":"https:\/\/nazarenonews.com.br\/index.php\/wp-json\/wp\/v2\/media?parent=25600"}],"wp:term":[{"taxonomy":"category","embeddable":true,"href":"https:\/\/nazarenonews.com.br\/index.php\/wp-json\/wp\/v2\/categories?post=25600"},{"taxonomy":"post_tag","embeddable":true,"href":"https:\/\/nazarenonews.com.br\/index.php\/wp-json\/wp\/v2\/tags?post=25600"}],"curies":[{"name":"wp","href":"https:\/\/api.w.org\/{rel}","templated":true}]}}