{"id":25591,"date":"2026-09-01T07:15:53","date_gmt":"2026-09-01T11:15:53","guid":{"rendered":"https:\/\/nazarenonews.com.br\/?p=25591"},"modified":"2026-09-01T07:15:54","modified_gmt":"2026-09-01T11:15:54","slug":"dolar-fecha-o-ultimo-pregao-cotado-a-r-518","status":"publish","type":"post","link":"https:\/\/nazarenonews.com.br\/index.php\/2026\/09\/01\/dolar-fecha-o-ultimo-pregao-cotado-a-r-518\/","title":{"rendered":"D\u00f3lar fecha o \u00faltimo preg\u00e3o cotado a R$ 5,18"},"content":{"rendered":"\n<h2 class=\"wp-block-heading\">O euro, por sua vez, encerrou o preg\u00e3o cotado a R$ 6,02<\/h2>\n\n\n\n<p>O <strong>d\u00f3lar encerrou<\/strong> a sess\u00e3o desta segunda-feira (31) em queda de <strong>0,31%<\/strong>, cotado a <strong>R$ 5,18.<\/strong>&nbsp;<\/p>\n\n\n\n<p>O <strong>d\u00f3lar comercial iniciou a sess\u00e3o em baixa<\/strong>, ap\u00f3s a valoriza\u00e7\u00e3o registrada no \u00faltimo preg\u00e3o. Por volta das 10h40, a moeda norte-americana ca\u00eda <strong>0,63%<\/strong>.<\/p>\n\n\n\n<p>A queda acompanha o <strong>enfraquecimento do d\u00f3lar no mercado internacional<\/strong>. No <strong>Brasil<\/strong>, o movimento \u00e9 refor\u00e7ado pela <strong>alta do petr\u00f3leo<\/strong>, cen\u00e1rio que pode beneficiar as contas externas do pa\u00eds e dar suporte ao real.<\/p>\n\n\n\n<p>A sess\u00e3o tamb\u00e9m pode apresentar <strong>maior oscila\u00e7\u00e3o no c\u00e2mbio devido \u00e0 forma\u00e7\u00e3o da Ptax de fim de m\u00eas<\/strong>, taxa utilizada como refer\u00eancia para contratos no mercado futuro.<\/p>\n\n\n\n<p>O<strong> \u00edndice DXY<\/strong>, que mede a for\u00e7a do d\u00f3lar frente a outras moedas globais, fechou aos<strong> 99,04 pontos<\/strong>.<\/p>\n\n\n\n<h2 class=\"wp-block-heading\"><strong>Cota\u00e7\u00e3o do euro<\/strong><\/h2>\n\n\n\n<p><strong>O euro, por sua vez, encerrou o preg\u00e3o cotado a R$ 6,02.<\/strong><\/p>\n\n\n\n<h2 class=\"wp-block-heading\"><strong>Cota\u00e7\u00f5es<\/strong><\/h2>\n\n\n\n<p>A tabela abaixo mostra as cota\u00e7\u00f5es cruzadas entre as principais moedas internacionais e o real. Cada c\u00e9lula indica quanto vale 1 unidade da moeda da linha em rela\u00e7\u00e3o \u00e0 moeda da coluna.<\/p>\n\n\n\n<figure class=\"wp-block-table\"><table><thead><tr><th>C\u00f3digo<\/th><th>\ud83c\udde7\ud83c\uddf7 BRL<\/th><th>\ud83c\uddfa\ud83c\uddf8 USD<\/th><th>\ud83c\uddea\ud83c\uddfa EUR<\/th><th>\ud83c\uddec\ud83c\udde7 GBP<\/th><th>\ud83c\uddef\ud83c\uddf5 JPY<\/th><th>\ud83c\udde8\ud83c\udded CHF<\/th><th>\ud83c\udde8\ud83c\udde6 CAD<\/th><th>\ud83c\udde6\ud83c\uddfa AUD<\/th><\/tr><\/thead><tbody><tr><td>\ud83c\udde7\ud83c\uddf7 BRL<\/td><td>1<\/td><td>0,1929<\/td><td>0,1660<\/td><td>0,1423<\/td><td>30,8111<\/td><td>0,1559<\/td><td>0,2672<\/td><td>0,2691<\/td><\/tr><tr><td>\ud83c\uddfa\ud83c\uddf8 USD<\/td><td>5,1853<\/td><td>1<\/td><td>0,8610<\/td><td>0,7381<\/td><td>159,77<\/td><td>0,8084<\/td><td>1,3855<\/td><td>1,3956<\/td><\/tr><tr><td>\ud83c\uddea\ud83c\uddfa EUR<\/td><td>6,0241<\/td><td>1,1616<\/td><td>1<\/td><td>0,8574<\/td><td>185,57<\/td><td>0,9390<\/td><td>1,6092<\/td><td>1,6210<\/td><\/tr><tr><td>\ud83c\uddec\ud83c\udde7 GBP<\/td><td>7,0235<\/td><td>1,3548<\/td><td>1,1664<\/td><td>1<\/td><td>216,45<\/td><td>1,0952<\/td><td>1,8770<\/td><td>1,8907<\/td><\/tr><tr><td>\ud83c\uddef\ud83c\uddf5 JPY<\/td><td>3,24548<\/td><td>0,625919<\/td><td>0,53889<\/td><td>0,461990<\/td><td>1<\/td><td>0,5060<\/td><td>0,86725<\/td><td>0,87352<\/td><\/tr><tr><td>\ud83c\udde8\ud83c\udded CHF<\/td><td>6,4143<\/td><td>1,2370<\/td><td>1,0650<\/td><td>0,9131<\/td><td>197,64<\/td><td>1<\/td><td>1,7139<\/td><td>1,7264<\/td><\/tr><tr><td>\ud83c\udde8\ud83c\udde6 CAD<\/td><td>3,7423<\/td><td>0,7217<\/td><td>0,6214<\/td><td>0,5327<\/td><td>115,32<\/td><td>0,5835<\/td><td>1<\/td><td>1,0073<\/td><\/tr><tr><td>\ud83c\udde6\ud83c\uddfa AUD<\/td><td>3,7162<\/td><td>0,7166<\/td><td>0,6169<\/td><td>0,5289<\/td><td>114,48<\/td><td>0,5793<\/td><td>0,9927<\/td><td>1<\/td><\/tr><\/tbody><\/table><\/figure>\n\n\n\n<p>Os dados s\u00e3o da <a href=\"https:\/\/br.investing.com\/currencies\/exchange-rates-table\">Investing.com<\/a>.<\/p>\n\n\n\n<p>Fonte: <a href=\"https:\/\/brasil61.com\/n\/dolar-fecha-o-ultimo-pregao-cotado-a-r-5-18-bras2617049\" target=\"_blank\" rel=\"noreferrer noopener\">Brasil 61<\/a><\/p>\n","protected":false},"excerpt":{"rendered":"<p>O euro, por sua vez, encerrou o preg\u00e3o cotado a R$ 6,02 O d\u00f3lar encerrou a sess\u00e3o desta segunda-feira (31) em queda de 0,31%, cotado a R$ 5,18.&nbsp; O d\u00f3lar comercial iniciou a sess\u00e3o em baixa, ap\u00f3s a valoriza\u00e7\u00e3o registrada no \u00faltimo preg\u00e3o. Por volta das 10h40, a moeda norte-americana ca\u00eda 0,63%. A queda acompanha [&hellip;]<\/p>\n","protected":false},"author":2,"featured_media":24707,"comment_status":"closed","ping_status":"closed","sticky":false,"template":"","format":"standard","meta":{"_monsterinsights_skip_tracking":false,"footnotes":""},"categories":[54],"tags":[],"_links":{"self":[{"href":"https:\/\/nazarenonews.com.br\/index.php\/wp-json\/wp\/v2\/posts\/25591"}],"collection":[{"href":"https:\/\/nazarenonews.com.br\/index.php\/wp-json\/wp\/v2\/posts"}],"about":[{"href":"https:\/\/nazarenonews.com.br\/index.php\/wp-json\/wp\/v2\/types\/post"}],"author":[{"embeddable":true,"href":"https:\/\/nazarenonews.com.br\/index.php\/wp-json\/wp\/v2\/users\/2"}],"replies":[{"embeddable":true,"href":"https:\/\/nazarenonews.com.br\/index.php\/wp-json\/wp\/v2\/comments?post=25591"}],"version-history":[{"count":1,"href":"https:\/\/nazarenonews.com.br\/index.php\/wp-json\/wp\/v2\/posts\/25591\/revisions"}],"predecessor-version":[{"id":25592,"href":"https:\/\/nazarenonews.com.br\/index.php\/wp-json\/wp\/v2\/posts\/25591\/revisions\/25592"}],"wp:featuredmedia":[{"embeddable":true,"href":"https:\/\/nazarenonews.com.br\/index.php\/wp-json\/wp\/v2\/media\/24707"}],"wp:attachment":[{"href":"https:\/\/nazarenonews.com.br\/index.php\/wp-json\/wp\/v2\/media?parent=25591"}],"wp:term":[{"taxonomy":"category","embeddable":true,"href":"https:\/\/nazarenonews.com.br\/index.php\/wp-json\/wp\/v2\/categories?post=25591"},{"taxonomy":"post_tag","embeddable":true,"href":"https:\/\/nazarenonews.com.br\/index.php\/wp-json\/wp\/v2\/tags?post=25591"}],"curies":[{"name":"wp","href":"https:\/\/api.w.org\/{rel}","templated":true}]}}