{"id":25587,"date":"2026-09-01T07:13:54","date_gmt":"2026-09-01T11:13:54","guid":{"rendered":"https:\/\/nazarenonews.com.br\/?p=25587"},"modified":"2026-09-01T07:13:55","modified_gmt":"2026-09-01T11:13:55","slug":"o-tempo-e-a-temperatura-centro-oeste-tem-terca-feira-de-calor-na-maior-parte-da-regiao-mas-frio-surpreende-em-campo-grande","status":"publish","type":"post","link":"https:\/\/nazarenonews.com.br\/index.php\/2026\/09\/01\/o-tempo-e-a-temperatura-centro-oeste-tem-terca-feira-de-calor-na-maior-parte-da-regiao-mas-frio-surpreende-em-campo-grande\/","title":{"rendered":"O TEMPO E A TEMPERATURA: Centro-Oeste tem ter\u00e7a-feira de calor na maior parte da regi\u00e3o, mas frio surpreende em Campo Grande"},"content":{"rendered":"\n<p>Enquanto Goi\u00e2nia chega aos 36\u00b0C, Campo Grande n\u00e3o passa dos 25\u00b0C por influ\u00eancia de frente fria<\/p>\n\n\n\n<p>Data de publica\u00e7\u00e3o: 31 de Agosto de 2026, 18:30h<\/p>\n\n\n\n<p>O&nbsp;<a href=\"https:\/\/portal.inmet.gov.br\/\">INMET<\/a>&nbsp;informa que a&nbsp;<strong>ter\u00e7a-feira (1\u00ba)<\/strong>&nbsp;no&nbsp;<strong>Centro-Oeste<\/strong>&nbsp;ser\u00e1 de calor forte na maior parte da regi\u00e3o, mas com uma exce\u00e7\u00e3o importante:<br><br><strong>Campo Grande<\/strong>, que deve ter m\u00e1xima de apenas&nbsp;<strong>25\u00b0C<\/strong>&nbsp;e m\u00ednima de 17\u00b0C, bem abaixo das demais capitais, em raz\u00e3o da influ\u00eancia de uma frente fria que avan\u00e7a pelo&nbsp;<strong>Sul<\/strong>&nbsp;do pa\u00eds.<br><br>O dia na capital sul-mato-grossense ter\u00e1 muitas nuvens, com pancadas de chuva e trovoadas isoladas ao longo de todos os per\u00edodos. J\u00e1&nbsp;<strong>Goi\u00e2nia<\/strong>&nbsp;chega aos&nbsp;<strong>36\u00b0C<\/strong>&nbsp;de m\u00e1xima, com m\u00ednima de&nbsp;<strong>21\u00b0C<\/strong>&nbsp;e possibilidade de chuva isolada \u00e0 tarde e \u00e0 noite, mas mantendo o calor como caracter\u00edstica principal do dia.<br><br><strong>Cuiab\u00e1&nbsp;<\/strong>tamb\u00e9m segue com temperaturas elevadas, entre&nbsp;<strong>26\u00b0C<\/strong>&nbsp;e&nbsp;<strong>35\u00b0C<\/strong>, com pancadas de chuva isoladas ao longo do dia.<strong>&nbsp;Bras\u00edlia<\/strong>&nbsp;tem m\u00ednima de<strong>&nbsp;20\u00b0C<\/strong>&nbsp;e m\u00e1xima de&nbsp;<strong>33\u00b0C<\/strong>, com aumento de nebulosidade a partir da tarde e possibilidade de chuva isolada \u00e0 noite, acompanhada de rajadas de vento.<br><br>O&nbsp;<strong>INMET&nbsp;<\/strong>recomenda aten\u00e7\u00e3o redobrada em&nbsp;<strong>Campo Grande<\/strong>&nbsp;para o risco de temporais, enquanto nas demais capitais o alerta \u00e9 para o calor e a baixa umidade, especialmente durante a tarde.<\/p>\n\n\n\n<h2 class=\"wp-block-heading\"><strong>5 motivos para acompanhar as previs\u00f5es do tempo<\/strong><\/h2>\n\n\n\n<ul>\n<li>Agricultura: garantia de uma boa colheita;<\/li>\n\n\n\n<li>Marinha: prote\u00e7\u00e3o de marinheiros, navios e passageiros;<\/li>\n\n\n\n<li>Aeron\u00e1utica: seguran\u00e7a de pilotos, aeronaves e passageiros;<\/li>\n\n\n\n<li>Pesca: condi\u00e7\u00f5es favor\u00e1veis e seguras para a atividade;<\/li>\n\n\n\n<li>Turismo: garantia de passeios e viagens tranquilas e agrad\u00e1veis.<\/li>\n<\/ul>\n\n\n\n<h2 class=\"wp-block-heading\"><strong>Import\u00e2ncia das observa\u00e7\u00f5es meteorol\u00f3gicas no INMET<\/strong><\/h2>\n\n\n\n<p>As observa\u00e7\u00f5es meteorol\u00f3gicas do INMET s\u00e3o essenciais para previs\u00f5es em tempo real, estat\u00edsticas clim\u00e1ticas e coopera\u00e7\u00e3o internacional. Esses dados precisos ajudam a estudar o clima passado e a produzir Normais Climatol\u00f3gicas conforme a Organiza\u00e7\u00e3o Meteorol\u00f3gica Mundial (<a href=\"https:\/\/worldweather.wmo.int\/pt\/home.html\">OMM<\/a>).<\/p>\n\n\n\n<p><strong>As informa\u00e7\u00f5es s\u00e3o do Instituto Nacional de Meteorologia (<a href=\"https:\/\/portal.inmet.gov.br\/\">Inmet<\/a>).<\/strong><\/p>\n","protected":false},"excerpt":{"rendered":"<p>Enquanto Goi\u00e2nia chega aos 36\u00b0C, Campo Grande n\u00e3o passa dos 25\u00b0C por influ\u00eancia de frente fria Data de publica\u00e7\u00e3o: 31 de Agosto de 2026, 18:30h O&nbsp;INMET&nbsp;informa que a&nbsp;ter\u00e7a-feira (1\u00ba)&nbsp;no&nbsp;Centro-Oeste&nbsp;ser\u00e1 de calor forte na maior parte da regi\u00e3o, mas com uma exce\u00e7\u00e3o importante: Campo Grande, que deve ter m\u00e1xima de apenas&nbsp;25\u00b0C&nbsp;e m\u00ednima de 17\u00b0C, bem abaixo [&hellip;]<\/p>\n","protected":false},"author":2,"featured_media":24818,"comment_status":"closed","ping_status":"closed","sticky":false,"template":"","format":"standard","meta":{"_monsterinsights_skip_tracking":false,"footnotes":""},"categories":[52],"tags":[],"_links":{"self":[{"href":"https:\/\/nazarenonews.com.br\/index.php\/wp-json\/wp\/v2\/posts\/25587"}],"collection":[{"href":"https:\/\/nazarenonews.com.br\/index.php\/wp-json\/wp\/v2\/posts"}],"about":[{"href":"https:\/\/nazarenonews.com.br\/index.php\/wp-json\/wp\/v2\/types\/post"}],"author":[{"embeddable":true,"href":"https:\/\/nazarenonews.com.br\/index.php\/wp-json\/wp\/v2\/users\/2"}],"replies":[{"embeddable":true,"href":"https:\/\/nazarenonews.com.br\/index.php\/wp-json\/wp\/v2\/comments?post=25587"}],"version-history":[{"count":1,"href":"https:\/\/nazarenonews.com.br\/index.php\/wp-json\/wp\/v2\/posts\/25587\/revisions"}],"predecessor-version":[{"id":25588,"href":"https:\/\/nazarenonews.com.br\/index.php\/wp-json\/wp\/v2\/posts\/25587\/revisions\/25588"}],"wp:featuredmedia":[{"embeddable":true,"href":"https:\/\/nazarenonews.com.br\/index.php\/wp-json\/wp\/v2\/media\/24818"}],"wp:attachment":[{"href":"https:\/\/nazarenonews.com.br\/index.php\/wp-json\/wp\/v2\/media?parent=25587"}],"wp:term":[{"taxonomy":"category","embeddable":true,"href":"https:\/\/nazarenonews.com.br\/index.php\/wp-json\/wp\/v2\/categories?post=25587"},{"taxonomy":"post_tag","embeddable":true,"href":"https:\/\/nazarenonews.com.br\/index.php\/wp-json\/wp\/v2\/tags?post=25587"}],"curies":[{"name":"wp","href":"https:\/\/api.w.org\/{rel}","templated":true}]}}