{"id":25584,"date":"2026-09-01T07:12:08","date_gmt":"2026-09-01T11:12:08","guid":{"rendered":"https:\/\/nazarenonews.com.br\/?p=25584"},"modified":"2026-09-01T07:12:08","modified_gmt":"2026-09-01T11:12:08","slug":"farsa-de-lula-na-economia-nao-cola-mais-dispara-estadao","status":"publish","type":"post","link":"https:\/\/nazarenonews.com.br\/index.php\/2026\/09\/01\/farsa-de-lula-na-economia-nao-cola-mais-dispara-estadao\/","title":{"rendered":"\u201cFarsa de Lula na economia n\u00e3o cola mais\u201d, dispara Estad\u00e3o"},"content":{"rendered":"\n<p>O jornal O Estado de S. Paulo criticou duramente o programa de governo apresentado pelo presidente Luiz In\u00e1cio Lula da Silva (PT) para as elei\u00e7\u00f5es de 2026 e classificou as propostas econ\u00f4micas do partido como uma \u201cfarsa\u201d que \u201cn\u00e3o cola mais\u201d diante dos eleitores. A avalia\u00e7\u00e3o foi publicada em editorial nesta segunda-feira (31).<\/p>\n\n\n\n<p>Segundo o editorial, o conjunto de propostas apresentado pelo PT, especialmente na \u00e1rea econ\u00f4mica, n\u00e3o seria compat\u00edvel com a realidade das contas p\u00fablicas. O jornal afirma que o governo utiliza mecanismos para contornar o pr\u00f3prio arcabou\u00e7o fiscal criado durante a atual gest\u00e3o.<\/p>\n\n\n\n<p>O Estad\u00e3o classificou como \u201cgambiarras\u201d as medidas utilizadas para retirar determinadas despesas das regras fiscais sob a justificativa de situa\u00e7\u00f5es excepcionais. Na avalia\u00e7\u00e3o do jornal, aquilo que deveria ser exce\u00e7\u00e3o acabou se tornando uma pr\u00e1tica recorrente durante o governo Lula.<\/p>\n\n\n\n<p>O editorial tamb\u00e9m questiona a capacidade do governo de ampliar gastos sem considerar as limita\u00e7\u00f5es or\u00e7ament\u00e1rias. Segundo o jornal, o Tesouro Nacional n\u00e3o pode ser tratado como uma fonte ilimitada de recursos para atender \u00e0s demandas sociais e pol\u00edticas.<\/p>\n\n\n\n<p>Para o Estad\u00e3o, caberia ao presidente liderar uma discuss\u00e3o com o Congresso Nacional para estabelecer prioridades, cortar despesas e garantir recursos para \u00e1reas consideradas essenciais.<\/p>\n\n\n\n<p>O jornal tamb\u00e9m critica a rela\u00e7\u00e3o entre o governo e o Congresso na distribui\u00e7\u00e3o de emendas parlamentares. Na avalia\u00e7\u00e3o apresentada no editorial, o Executivo teria utilizado mudan\u00e7as na forma de contabilizar determinadas despesas e a libera\u00e7\u00e3o de recursos para evitar conflitos pol\u00edticos com parlamentares.<\/p>\n\n\n\n<h3 class=\"wp-block-heading\"><strong>Cr\u00edticas \u00e0s promessas econ\u00f4micas<\/strong><\/h3>\n\n\n\n<p>Outro ponto destacado pelo editorial \u00e9 a diferen\u00e7a entre o discurso apresentado pelo PT em seu programa de governo e os resultados efetivos das medidas adotadas durante a atual gest\u00e3o.<\/p>\n\n\n\n<p>O documento da campanha afirma que o governo teria trabalhado com o Congresso para aprovar o arcabou\u00e7o fiscal, medidas de \u201crecomposi\u00e7\u00e3o e justi\u00e7a tribut\u00e1ria\u201d e redu\u00e7\u00e3o de benef\u00edcios fiscais.<\/p>\n\n\n\n<p>O Estad\u00e3o, por\u00e9m, questiona o alcance dessas medidas e afirma que os cortes nos benef\u00edcios tribut\u00e1rios foram modestos. Segundo o editorial, os benef\u00edcios concedidos pela Uni\u00e3o continuam representando cerca de 4,5% do Produto Interno Bruto (PIB).<\/p>\n\n\n\n<p>O jornal tamb\u00e9m aponta que a situa\u00e7\u00e3o fiscal exigir\u00e1 um ajuste significativo a partir de 2027. Na avalia\u00e7\u00e3o apresentada, sem uma mudan\u00e7a na trajet\u00f3ria das contas p\u00fablicas, o governo poder\u00e1 enfrentar dificuldades crescentes para financiar suas pr\u00f3prias despesas.<\/p>\n\n\n\n<h3 class=\"wp-block-heading\"><strong>Elei\u00e7\u00f5es de 2026<\/strong><\/h3>\n\n\n\n<p>O editorial relaciona as promessas econ\u00f4micas ao cen\u00e1rio eleitoral de 2026 e afirma que, em anos de elei\u00e7\u00e3o, o PT tende a apresentar propostas que buscam melhorar a percep\u00e7\u00e3o do eleitor sobre a situa\u00e7\u00e3o econ\u00f4mica do pa\u00eds.<\/p>\n\n\n\n<p>Ao final, o Estad\u00e3o sustenta que Lula tenta convencer os eleitores de que seu atual governo n\u00e3o corresponde aos problemas apontados por cr\u00edticos e que um eventual quarto mandato seria diferente.&nbsp;<\/p>\n\n\n\n<p>Sec\u00e7\u00e3oexecutiva<\/p>\n\n\n\n<p>A publica\u00e7\u00e3o conclui que a dificuldade de Lula em avan\u00e7ar nas pesquisas eleitorais seria um indicativo de que esse discurso perdeu for\u00e7a entre parte dos eleitores.<\/p>\n\n\n\n<p>folhadoestado<\/p>\n","protected":false},"excerpt":{"rendered":"<p>O jornal O Estado de S. Paulo criticou duramente o programa de governo apresentado pelo presidente Luiz In\u00e1cio Lula da Silva (PT) para as elei\u00e7\u00f5es de 2026 e classificou as propostas econ\u00f4micas do partido como uma \u201cfarsa\u201d que \u201cn\u00e3o cola mais\u201d diante dos eleitores. A avalia\u00e7\u00e3o foi publicada em editorial nesta segunda-feira (31). Segundo o [&hellip;]<\/p>\n","protected":false},"author":2,"featured_media":25585,"comment_status":"closed","ping_status":"closed","sticky":false,"template":"","format":"standard","meta":{"_monsterinsights_skip_tracking":false,"footnotes":""},"categories":[50,1,48],"tags":[],"_links":{"self":[{"href":"https:\/\/nazarenonews.com.br\/index.php\/wp-json\/wp\/v2\/posts\/25584"}],"collection":[{"href":"https:\/\/nazarenonews.com.br\/index.php\/wp-json\/wp\/v2\/posts"}],"about":[{"href":"https:\/\/nazarenonews.com.br\/index.php\/wp-json\/wp\/v2\/types\/post"}],"author":[{"embeddable":true,"href":"https:\/\/nazarenonews.com.br\/index.php\/wp-json\/wp\/v2\/users\/2"}],"replies":[{"embeddable":true,"href":"https:\/\/nazarenonews.com.br\/index.php\/wp-json\/wp\/v2\/comments?post=25584"}],"version-history":[{"count":1,"href":"https:\/\/nazarenonews.com.br\/index.php\/wp-json\/wp\/v2\/posts\/25584\/revisions"}],"predecessor-version":[{"id":25586,"href":"https:\/\/nazarenonews.com.br\/index.php\/wp-json\/wp\/v2\/posts\/25584\/revisions\/25586"}],"wp:featuredmedia":[{"embeddable":true,"href":"https:\/\/nazarenonews.com.br\/index.php\/wp-json\/wp\/v2\/media\/25585"}],"wp:attachment":[{"href":"https:\/\/nazarenonews.com.br\/index.php\/wp-json\/wp\/v2\/media?parent=25584"}],"wp:term":[{"taxonomy":"category","embeddable":true,"href":"https:\/\/nazarenonews.com.br\/index.php\/wp-json\/wp\/v2\/categories?post=25584"},{"taxonomy":"post_tag","embeddable":true,"href":"https:\/\/nazarenonews.com.br\/index.php\/wp-json\/wp\/v2\/tags?post=25584"}],"curies":[{"name":"wp","href":"https:\/\/api.w.org\/{rel}","templated":true}]}}