{"id":25577,"date":"2026-09-01T07:07:47","date_gmt":"2026-09-01T11:07:47","guid":{"rendered":"https:\/\/nazarenonews.com.br\/?p=25577"},"modified":"2026-09-01T07:07:48","modified_gmt":"2026-09-01T11:07:48","slug":"pedagio-em-rodovia-estadual-sobe-a-partir-desta-terca","status":"publish","type":"post","link":"https:\/\/nazarenonews.com.br\/index.php\/2026\/09\/01\/pedagio-em-rodovia-estadual-sobe-a-partir-desta-terca\/","title":{"rendered":"Ped\u00e1gio em rodovia estadual sobe a partir desta ter\u00e7a"},"content":{"rendered":"\n<p>A partir da meia-noite (0h) de ter\u00e7a-feira (01), entra em vigor o reajuste contratual anual da tarifa de ped\u00e1gio do trecho sob concess\u00e3o da rodovia estadual MT-246. O valor da tarifa b\u00e1sica passa dos atuais R$ 10,90 para R$ 11,40.<\/p>\n\n\n\n<p><br>O c\u00e1lculo do valor reajustado da tarifa foi realizado conforme previsto no Contrato de Concess\u00e3o, por empresa independente que avalia os servi\u00e7os prestados pela Concession\u00e1ria e, posteriormente, validado pela Ag\u00eancia Estadual de Regula\u00e7\u00e3o dos Servi\u00e7os P\u00fablicos Delegados de Mato Grosso (AGER).<\/p>\n\n\n\n<p>Gazetadigital<\/p>\n","protected":false},"excerpt":{"rendered":"<p>A partir da meia-noite (0h) de ter\u00e7a-feira (01), entra em vigor o reajuste contratual anual da tarifa de ped\u00e1gio do trecho sob concess\u00e3o da rodovia estadual MT-246. O valor da tarifa b\u00e1sica passa dos atuais R$ 10,90 para R$ 11,40. O c\u00e1lculo do valor reajustado da tarifa foi realizado conforme previsto no Contrato de Concess\u00e3o, [&hellip;]<\/p>\n","protected":false},"author":2,"featured_media":25579,"comment_status":"closed","ping_status":"closed","sticky":false,"template":"","format":"standard","meta":{"_monsterinsights_skip_tracking":false,"footnotes":""},"categories":[1],"tags":[],"_links":{"self":[{"href":"https:\/\/nazarenonews.com.br\/index.php\/wp-json\/wp\/v2\/posts\/25577"}],"collection":[{"href":"https:\/\/nazarenonews.com.br\/index.php\/wp-json\/wp\/v2\/posts"}],"about":[{"href":"https:\/\/nazarenonews.com.br\/index.php\/wp-json\/wp\/v2\/types\/post"}],"author":[{"embeddable":true,"href":"https:\/\/nazarenonews.com.br\/index.php\/wp-json\/wp\/v2\/users\/2"}],"replies":[{"embeddable":true,"href":"https:\/\/nazarenonews.com.br\/index.php\/wp-json\/wp\/v2\/comments?post=25577"}],"version-history":[{"count":1,"href":"https:\/\/nazarenonews.com.br\/index.php\/wp-json\/wp\/v2\/posts\/25577\/revisions"}],"predecessor-version":[{"id":25580,"href":"https:\/\/nazarenonews.com.br\/index.php\/wp-json\/wp\/v2\/posts\/25577\/revisions\/25580"}],"wp:featuredmedia":[{"embeddable":true,"href":"https:\/\/nazarenonews.com.br\/index.php\/wp-json\/wp\/v2\/media\/25579"}],"wp:attachment":[{"href":"https:\/\/nazarenonews.com.br\/index.php\/wp-json\/wp\/v2\/media?parent=25577"}],"wp:term":[{"taxonomy":"category","embeddable":true,"href":"https:\/\/nazarenonews.com.br\/index.php\/wp-json\/wp\/v2\/categories?post=25577"},{"taxonomy":"post_tag","embeddable":true,"href":"https:\/\/nazarenonews.com.br\/index.php\/wp-json\/wp\/v2\/tags?post=25577"}],"curies":[{"name":"wp","href":"https:\/\/api.w.org\/{rel}","templated":true}]}}