{"id":2557,"date":"2024-08-28T17:27:11","date_gmt":"2024-08-28T21:27:11","guid":{"rendered":"https:\/\/nazarenonews.com.br\/?p=2557"},"modified":"2024-08-28T17:31:54","modified_gmt":"2024-08-28T21:31:54","slug":"governo-cria-grupo-de-trabalho-para-enviar-vagoes-do-vlt-para-a-bahia","status":"publish","type":"post","link":"https:\/\/nazarenonews.com.br\/index.php\/2024\/08\/28\/governo-cria-grupo-de-trabalho-para-enviar-vagoes-do-vlt-para-a-bahia\/","title":{"rendered":"Governo cria Grupo de Trabalho para enviar vag\u00f5es do VLT para a Bahia"},"content":{"rendered":"\n<p>O governador Mauro Mendes (Uni\u00e3o) determinou a cria\u00e7\u00e3o de um Grupo de Trabalho para acompanhar a retirada dos vag\u00f5es do Ve\u00edculo Leve sobre Trilhos (VLT) do Centro de Opera\u00e7\u00f5es em V\u00e1rzea Grande. Os trens ser\u00e3o enviados para o Estado da Bahia, que fez a compra dos modais por mais de R$ 700 milh\u00f5es.<\/p>\n\n\n\n<p>\u201cFica criado Grupo de Trabalho para operacionalizar a execu\u00e7\u00e3o do acordo extrajudicial firmado entre o Estado de Mato Grosso e o Cons\u00f3rcio VLT e a CAF Brasil, e do instrumento de transmiss\u00e3o onerosa firmado pelo Estado de Mato Grosso, o Cons\u00f3rcio VLT e a CAF Brasil com o Estado da Bahia, bem como para concentrar a interlocu\u00e7\u00e3o com as outras partes signat\u00e1rias destes instrumentos\u201d, cita o despacho.<\/p>\n\n\n\n<p><br>O grupo foi criado por meio de um decreto publicado no Di\u00e1rio Oficial do Estado (Iomat), nesta quarta-feira (28). Nele, fica estabelecido que os trabalhos ser\u00e3o acompanhados pela Secretaria de Estado de Fazenda, Procuradoria-Geral do Estado, Secretaria de Infraestrutura e Log\u00edstica, Secretaria de Planejamento e Gest\u00e3o e Controladoria-Geral do Estado.<\/p>\n\n\n\n<p><br>\u201cOs gestores dos \u00f3rg\u00e3os p\u00fablicos referidos no art. 2\u00ba deste Decreto dever\u00e3o indicar, no prazo m\u00e1ximo de cinco dias da data da publica\u00e7\u00e3o deste Decreto, os membros que integrar\u00e3o o Grupo de Trabalho\u201d, cita outro trecho.<\/p>\n\n\n\n<p><br>Entre as especifica\u00e7\u00f5es, o decreto termina que os servidores ter\u00e3o que receber relat\u00f3rios e encaminhar para a Bahia informando a an\u00e1lise dos materiais e equipamentos adquiridos.<\/p>\n\n\n\n<p><br>Al\u00e9m disso, eles ainda ter\u00e3o que acompanhar a regularidade dos pagamentos do Estado da Bahia para Mato Grosso. \u201cAferir a regularidade e a tempestividade dos pagamentos a cargo do Estado da Bahia, especialmente a incid\u00eancia da corre\u00e7\u00e3o monet\u00e1ria prevista no item 2.1.4 do instrumento de transmiss\u00e3o oneros\u201d, cita outro.<\/p>\n\n\n\n<p><br><strong>Venda<\/strong><br>O acordo extrajudicial firmado entre o estado de Mato Grosso e o estado da Bahia para a venda do Cons\u00f3rcio Ve\u00edculo Leve Sob Trilhos (VLT-Cuiab\u00e1), foi assinado em julho. Ao todo, ser\u00e3o vendidas 40 composi\u00e7\u00f5es de trens, totalizando 280 carros, que passar\u00e3o por uma reforma, al\u00e9m de trilhos, subesta\u00e7\u00f5es e cabeamentos.<\/p>\n\n\n\n<p>Conforme o presidente do Tribunal de Contas da Uni\u00e3o (TCU), o valor acordado ser\u00e3o divididos em parcelas anuais, com a Bahia oferecendo garantia para esses pagamentos.<\/p>\n\n\n\n<p>Gazetadigital <\/p>\n\n\n\n<p><\/p>\n","protected":false},"excerpt":{"rendered":"<p>O governador Mauro Mendes (Uni\u00e3o) determinou a cria\u00e7\u00e3o de um Grupo de Trabalho para acompanhar a retirada dos vag\u00f5es do Ve\u00edculo Leve sobre Trilhos (VLT) do Centro de Opera\u00e7\u00f5es em V\u00e1rzea Grande. Os trens ser\u00e3o enviados para o Estado da Bahia, que fez a compra dos modais por mais de R$ 700 milh\u00f5es. \u201cFica criado [&hellip;]<\/p>\n","protected":false},"author":2,"featured_media":2560,"comment_status":"closed","ping_status":"closed","sticky":false,"template":"","format":"standard","meta":{"_monsterinsights_skip_tracking":false,"_monsterinsights_sitenote_active":false,"_monsterinsights_sitenote_note":"","_monsterinsights_sitenote_category":0,"footnotes":""},"categories":[1],"tags":[],"_links":{"self":[{"href":"https:\/\/nazarenonews.com.br\/index.php\/wp-json\/wp\/v2\/posts\/2557"}],"collection":[{"href":"https:\/\/nazarenonews.com.br\/index.php\/wp-json\/wp\/v2\/posts"}],"about":[{"href":"https:\/\/nazarenonews.com.br\/index.php\/wp-json\/wp\/v2\/types\/post"}],"author":[{"embeddable":true,"href":"https:\/\/nazarenonews.com.br\/index.php\/wp-json\/wp\/v2\/users\/2"}],"replies":[{"embeddable":true,"href":"https:\/\/nazarenonews.com.br\/index.php\/wp-json\/wp\/v2\/comments?post=2557"}],"version-history":[{"count":1,"href":"https:\/\/nazarenonews.com.br\/index.php\/wp-json\/wp\/v2\/posts\/2557\/revisions"}],"predecessor-version":[{"id":2559,"href":"https:\/\/nazarenonews.com.br\/index.php\/wp-json\/wp\/v2\/posts\/2557\/revisions\/2559"}],"wp:featuredmedia":[{"embeddable":true,"href":"https:\/\/nazarenonews.com.br\/index.php\/wp-json\/wp\/v2\/media\/2560"}],"wp:attachment":[{"href":"https:\/\/nazarenonews.com.br\/index.php\/wp-json\/wp\/v2\/media?parent=2557"}],"wp:term":[{"taxonomy":"category","embeddable":true,"href":"https:\/\/nazarenonews.com.br\/index.php\/wp-json\/wp\/v2\/categories?post=2557"},{"taxonomy":"post_tag","embeddable":true,"href":"https:\/\/nazarenonews.com.br\/index.php\/wp-json\/wp\/v2\/tags?post=2557"}],"curies":[{"name":"wp","href":"https:\/\/api.w.org\/{rel}","templated":true}]}}