{"id":25564,"date":"2026-08-31T09:53:49","date_gmt":"2026-08-31T13:53:49","guid":{"rendered":"https:\/\/nazarenonews.com.br\/?p=25564"},"modified":"2026-08-31T10:00:19","modified_gmt":"2026-08-31T14:00:19","slug":"batida-entre-carro-e-s10-mata-uma-pessoa-e-deixa-sete-feridos-em-juara","status":"publish","type":"post","link":"https:\/\/nazarenonews.com.br\/index.php\/2026\/08\/31\/batida-entre-carro-e-s10-mata-uma-pessoa-e-deixa-sete-feridos-em-juara\/","title":{"rendered":"Batida entre carro e S10 mata uma pessoa e deixa sete feridos em Juara"},"content":{"rendered":"\n<p>Uma pessoa morreu e outras sete ficaram feridas ap\u00f3s uma batida entre um carro de passeio e uma caminhonete S10 na noite desse domingo (30), na MT-338, em Juara (a 650 km de Cuiab\u00e1).<\/p>\n\n\n\n<p>Segundo o Corpo de Bombeiros, o&nbsp;acidente aconteceu por volta das 20h30. Dos feridos, duas v\u00edtimas ficaram em estado grave, sendo uma em cada ve\u00edculo.<\/p>\n\n\n\n<p>Outras quatro pessoas tiveram ferimentos leves, como escoria\u00e7\u00f5es.<\/p>\n\n\n\n<p>Uma crian\u00e7a, que apresentava poss\u00edvel defici\u00eancia foi levada ao hospital por terceiros.<\/p>\n\n\n\n<p>Quando chegaram ao local, os bombeiros encontraram uma das v\u00edtimas em estado grave presa \u00e0s ferragens da caminhonete S10. Ela foi estabilizada dentro do ve\u00edculo e retirada pela equipe de resgate. Depois, foi encaminhada para atendimento m\u00e9dico pela concession\u00e1ria Rota do Arinos, respons\u00e1vel pela rodovia.<\/p>\n\n\n\n<p>A outra v\u00edtima em estado grave foi atendida pelos bombeiros e levada para o hospital de Juara.<\/p>\n\n\n\n<p>As equipes tamb\u00e9m prestaram atendimento \u00e0s demais v\u00edtimas e transportaram tr\u00eas delas para uma unidade hospitalar.<\/p>\n\n\n\n<p>J\u00e1 o corpo da v\u00edtima que morreu ficou preso \u00e0s ferragens at\u00e9 a chegada da Pol\u00edcia Civil e a libera\u00e7\u00e3o para a remo\u00e7\u00e3o.<\/p>\n\n\n\n<p>Ap\u00f3s a autoriza\u00e7\u00e3o das autoridades, os bombeiros fizeram o desencarceramento e retiraram o corpo.<\/p>\n\n\n\n<p>As causas do acidente ser\u00e3o apuradas.<\/p>\n\n\n\n<p>Rep\u00f3rterMT<\/p>\n","protected":false},"excerpt":{"rendered":"<p>Uma pessoa morreu e outras sete ficaram feridas ap\u00f3s uma batida entre um carro de passeio e uma caminhonete S10 na noite desse domingo (30), na MT-338, em Juara (a 650 km de Cuiab\u00e1). Segundo o Corpo de Bombeiros, o&nbsp;acidente aconteceu por volta das 20h30. Dos feridos, duas v\u00edtimas ficaram em estado grave, sendo uma [&hellip;]<\/p>\n","protected":false},"author":2,"featured_media":25572,"comment_status":"closed","ping_status":"closed","sticky":false,"template":"","format":"standard","meta":{"_monsterinsights_skip_tracking":false,"footnotes":""},"categories":[36,51,1],"tags":[],"_links":{"self":[{"href":"https:\/\/nazarenonews.com.br\/index.php\/wp-json\/wp\/v2\/posts\/25564"}],"collection":[{"href":"https:\/\/nazarenonews.com.br\/index.php\/wp-json\/wp\/v2\/posts"}],"about":[{"href":"https:\/\/nazarenonews.com.br\/index.php\/wp-json\/wp\/v2\/types\/post"}],"author":[{"embeddable":true,"href":"https:\/\/nazarenonews.com.br\/index.php\/wp-json\/wp\/v2\/users\/2"}],"replies":[{"embeddable":true,"href":"https:\/\/nazarenonews.com.br\/index.php\/wp-json\/wp\/v2\/comments?post=25564"}],"version-history":[{"count":1,"href":"https:\/\/nazarenonews.com.br\/index.php\/wp-json\/wp\/v2\/posts\/25564\/revisions"}],"predecessor-version":[{"id":25566,"href":"https:\/\/nazarenonews.com.br\/index.php\/wp-json\/wp\/v2\/posts\/25564\/revisions\/25566"}],"wp:featuredmedia":[{"embeddable":true,"href":"https:\/\/nazarenonews.com.br\/index.php\/wp-json\/wp\/v2\/media\/25572"}],"wp:attachment":[{"href":"https:\/\/nazarenonews.com.br\/index.php\/wp-json\/wp\/v2\/media?parent=25564"}],"wp:term":[{"taxonomy":"category","embeddable":true,"href":"https:\/\/nazarenonews.com.br\/index.php\/wp-json\/wp\/v2\/categories?post=25564"},{"taxonomy":"post_tag","embeddable":true,"href":"https:\/\/nazarenonews.com.br\/index.php\/wp-json\/wp\/v2\/tags?post=25564"}],"curies":[{"name":"wp","href":"https:\/\/api.w.org\/{rel}","templated":true}]}}