{"id":25561,"date":"2026-08-31T09:52:18","date_gmt":"2026-08-31T13:52:18","guid":{"rendered":"https:\/\/nazarenonews.com.br\/?p=25561"},"modified":"2026-08-31T09:57:42","modified_gmt":"2026-08-31T13:57:42","slug":"david-correa-jogador-do-vasco-e-alvo-de-buscas-por-trafico-de-armas-e-drogas","status":"publish","type":"post","link":"https:\/\/nazarenonews.com.br\/index.php\/2026\/08\/31\/david-correa-jogador-do-vasco-e-alvo-de-buscas-por-trafico-de-armas-e-drogas\/","title":{"rendered":"David Corr\u00eaa, jogador do Vasco, \u00e9 alvo de buscas por tr\u00e1fico de armas e drogas"},"content":{"rendered":"\n<p>O jogador&nbsp;<strong>David Corr\u00eaa<\/strong>, o&nbsp;<strong>DVD<\/strong>, atacante do Vasco da Gama, \u00e9 alvo de buscas, nesta segunda-feira (31), da&nbsp;<strong>Opera\u00e7\u00e3o A Tropa<\/strong>, contra o tr\u00e1fico interestadual de drogas e armas e a lavagem de dinheiro.<\/p>\n\n\n\n<p>No total, em todo o pa\u00eds, equipes sa\u00edram para cumprir\u00a0<strong>4 mandados de pris\u00e3o tempor\u00e1ria<\/strong>\u00a0e 15 de busca e apreens\u00e3o. As dilig\u00eancias s\u00e3o realizadas em munic\u00edpios da Grande\u00a0Vit\u00f3ria\u00a0e em\u00a0Afonso Cl\u00e1udio, no Esp\u00edrito Santo, al\u00e9m de alvos localizados nos estados do\u00a0Rio de Janeiro, S\u00e3o Paulo e Goi\u00e1s e no Distrito Federal.<\/p>\n\n\n\n<p>No RJ, agentes da 14\u00aa DP (Leblon) e da Delegacia Especializada em Armas, Muni\u00e7\u00f5es e Explosivos (Desarme) sa\u00edram para cumprir&nbsp;<strong>3 mandados de busca e apreens\u00e3o<\/strong>. Entre os endere\u00e7os estavam a casa de David, na Barra da Tijuca, na Zona Sudoeste do Rio de Janeiro, e&nbsp;o centro de treinamento cruzmaltino, em Jacarepagu\u00e1, na mesma regi\u00e3o.<\/p>\n\n\n\n<p>O vasca\u00edno foi no pr\u00f3prio carro \u2014 cuja placa come\u00e7a com DVD \u2014 para o CT do clube, a fim de acompanhar as dilig\u00eancias.&nbsp;Ele n\u00e3o quis dar declara\u00e7\u00f5es na sa\u00edda.<\/p>\n\n\n\n<p>Em nota, o Vasco disse que \u201cest\u00e1 colaborando com as autoridades e aguarda a conclus\u00e3o das investiga\u00e7\u00f5es\u201d.<\/p>\n\n\n\n<h2 class=\"wp-block-heading\">Investiga\u00e7\u00e3o do ES<\/h2>\n\n\n\n<p>Segundo as apura\u00e7\u00f5es conduzidas pela Pol\u00edcia Civil do Esp\u00edrito Santo, s\u00e3o apurados poss\u00edveis envolvimentos de outros atletas profissionais e empres\u00e1rios com o grupo criminoso investigado.<\/p>\n\n\n\n<p>A opera\u00e7\u00e3o \u00e9 realizada simultaneamente em v\u00e1rios estados, mobilizando aproximadamente 100 policiais civis, mais de 38 viaturas e 2 helic\u00f3pteros, numa a\u00e7\u00e3o coordenada de abrang\u00eancia interestadual.<\/p>\n\n\n\n<p>\u201cA opera\u00e7\u00e3o integra uma atua\u00e7\u00e3o conjunta entre as Pol\u00edcias Civis dos estados para o cumprimento de medidas judiciais e o enfrentamento de organiza\u00e7\u00f5es criminosas que atuam de forma interestadual\u201d, disse a Pol\u00edcia Civil do RJ.<\/p>\n\n\n\n<p>\u201cO nome da opera\u00e7\u00e3o, \u2018A Tropa\u2019, faz refer\u00eancia \u00e0 autodenomina\u00e7\u00e3o utilizada pelos pr\u00f3prios investigados para se referirem ao grupo criminoso\u201d, explicaram as autoridades capixabas.<\/p>\n\n\n\n<p>g1<\/p>\n","protected":false},"excerpt":{"rendered":"<p>O jogador&nbsp;David Corr\u00eaa, o&nbsp;DVD, atacante do Vasco da Gama, \u00e9 alvo de buscas, nesta segunda-feira (31), da&nbsp;Opera\u00e7\u00e3o A Tropa, contra o tr\u00e1fico interestadual de drogas e armas e a lavagem de dinheiro. No total, em todo o pa\u00eds, equipes sa\u00edram para cumprir\u00a04 mandados de pris\u00e3o tempor\u00e1ria\u00a0e 15 de busca e apreens\u00e3o. As dilig\u00eancias s\u00e3o realizadas [&hellip;]<\/p>\n","protected":false},"author":2,"featured_media":25571,"comment_status":"closed","ping_status":"closed","sticky":false,"template":"","format":"standard","meta":{"_monsterinsights_skip_tracking":false,"footnotes":""},"categories":[1],"tags":[],"_links":{"self":[{"href":"https:\/\/nazarenonews.com.br\/index.php\/wp-json\/wp\/v2\/posts\/25561"}],"collection":[{"href":"https:\/\/nazarenonews.com.br\/index.php\/wp-json\/wp\/v2\/posts"}],"about":[{"href":"https:\/\/nazarenonews.com.br\/index.php\/wp-json\/wp\/v2\/types\/post"}],"author":[{"embeddable":true,"href":"https:\/\/nazarenonews.com.br\/index.php\/wp-json\/wp\/v2\/users\/2"}],"replies":[{"embeddable":true,"href":"https:\/\/nazarenonews.com.br\/index.php\/wp-json\/wp\/v2\/comments?post=25561"}],"version-history":[{"count":1,"href":"https:\/\/nazarenonews.com.br\/index.php\/wp-json\/wp\/v2\/posts\/25561\/revisions"}],"predecessor-version":[{"id":25563,"href":"https:\/\/nazarenonews.com.br\/index.php\/wp-json\/wp\/v2\/posts\/25561\/revisions\/25563"}],"wp:featuredmedia":[{"embeddable":true,"href":"https:\/\/nazarenonews.com.br\/index.php\/wp-json\/wp\/v2\/media\/25571"}],"wp:attachment":[{"href":"https:\/\/nazarenonews.com.br\/index.php\/wp-json\/wp\/v2\/media?parent=25561"}],"wp:term":[{"taxonomy":"category","embeddable":true,"href":"https:\/\/nazarenonews.com.br\/index.php\/wp-json\/wp\/v2\/categories?post=25561"},{"taxonomy":"post_tag","embeddable":true,"href":"https:\/\/nazarenonews.com.br\/index.php\/wp-json\/wp\/v2\/tags?post=25561"}],"curies":[{"name":"wp","href":"https:\/\/api.w.org\/{rel}","templated":true}]}}