{"id":25558,"date":"2026-08-31T09:50:31","date_gmt":"2026-08-31T13:50:31","guid":{"rendered":"https:\/\/nazarenonews.com.br\/?p=25558"},"modified":"2026-08-31T09:54:43","modified_gmt":"2026-08-31T13:54:43","slug":"homem-e-preso-apos-matar-colega-a-facadas-em-fazenda-de-mt","status":"publish","type":"post","link":"https:\/\/nazarenonews.com.br\/index.php\/2026\/08\/31\/homem-e-preso-apos-matar-colega-a-facadas-em-fazenda-de-mt\/","title":{"rendered":"Homem \u00e9 preso ap\u00f3s matar colega a facadas em fazenda de MT"},"content":{"rendered":"\n<p>Um homem de 26 anos, que n\u00e3o teve a identidade revelada, foi preso ap\u00f3s matar o colega Ant\u00f4nio Carlos Eug\u00eanio Soares, de 42, com golpes de faca, em uma fazenda na \u00e1rea rural de Brasnorte (572 km de Cuiab\u00e1), na madrugada deste domingo (30).&nbsp;<\/p>\n\n\n\n<p>Conforme a Pol\u00edcia Militar, testemunhas que estavam no local informaram que, logo ap\u00f3s o crime, conseguiram imobilizar o suspeito e amarraram suas m\u00e3os com uma corda para cont\u00ea-lo e garantir a seguran\u00e7a das pessoas presentes.<\/p>\n\n\n\n<p>Os policiais receberam um v\u00eddeo do local, no qual era poss\u00edvel ver uma pessoa ca\u00edda no ch\u00e3o, com sangue nas proximidades, al\u00e9m do suspeito sentado e com as m\u00e3os amarradas.<\/p>\n\n\n\n<p>A ocorr\u00eancia foi comunicada \u00e0 Pol\u00edcia Judici\u00e1ria Civil, que acionou a Politec (Per\u00edcia Oficial e Identifica\u00e7\u00e3o T\u00e9cnica). Uma equipe foi at\u00e9 a fazenda, a aproximadamente 82 quil\u00f4metros de Brasnorte, e encontrou o suspeito j\u00e1 contido pelas testemunhas e a v\u00edtima j\u00e1 sem vida.&nbsp;<\/p>\n\n\n\n<p>O local foi isolado e preservado pelos policiais at\u00e9 a chegada das equipes respons\u00e1veis pelos procedimentos periciais e pela investiga\u00e7\u00e3o.<\/p>\n\n\n\n<p>O suspeito apresentava les\u00f5es aparentes no superc\u00edlio, boca, nariz e testa, al\u00e9m de relatar dores nas costelas. Ele informou aos policiais que os ferimentos teriam ocorrido durante a imobiliza\u00e7\u00e3o.<\/p>\n\n\n\n<p>Depois dos procedimentos, o homem foi levado para Brasnorte e apresentado \u00e0 autoridade policial para as provid\u00eancias cab\u00edveis. A motiva\u00e7\u00e3o do crime ser\u00e1 investigada.<\/p>\n\n\n\n<p>MidiaNews<\/p>\n","protected":false},"excerpt":{"rendered":"<p>Um homem de 26 anos, que n\u00e3o teve a identidade revelada, foi preso ap\u00f3s matar o colega Ant\u00f4nio Carlos Eug\u00eanio Soares, de 42, com golpes de faca, em uma fazenda na \u00e1rea rural de Brasnorte (572 km de Cuiab\u00e1), na madrugada deste domingo (30).&nbsp; Conforme a Pol\u00edcia Militar, testemunhas que estavam no local informaram que, [&hellip;]<\/p>\n","protected":false},"author":2,"featured_media":25569,"comment_status":"closed","ping_status":"closed","sticky":false,"template":"","format":"standard","meta":{"_monsterinsights_skip_tracking":false,"footnotes":""},"categories":[36,51,1],"tags":[],"_links":{"self":[{"href":"https:\/\/nazarenonews.com.br\/index.php\/wp-json\/wp\/v2\/posts\/25558"}],"collection":[{"href":"https:\/\/nazarenonews.com.br\/index.php\/wp-json\/wp\/v2\/posts"}],"about":[{"href":"https:\/\/nazarenonews.com.br\/index.php\/wp-json\/wp\/v2\/types\/post"}],"author":[{"embeddable":true,"href":"https:\/\/nazarenonews.com.br\/index.php\/wp-json\/wp\/v2\/users\/2"}],"replies":[{"embeddable":true,"href":"https:\/\/nazarenonews.com.br\/index.php\/wp-json\/wp\/v2\/comments?post=25558"}],"version-history":[{"count":1,"href":"https:\/\/nazarenonews.com.br\/index.php\/wp-json\/wp\/v2\/posts\/25558\/revisions"}],"predecessor-version":[{"id":25560,"href":"https:\/\/nazarenonews.com.br\/index.php\/wp-json\/wp\/v2\/posts\/25558\/revisions\/25560"}],"wp:featuredmedia":[{"embeddable":true,"href":"https:\/\/nazarenonews.com.br\/index.php\/wp-json\/wp\/v2\/media\/25569"}],"wp:attachment":[{"href":"https:\/\/nazarenonews.com.br\/index.php\/wp-json\/wp\/v2\/media?parent=25558"}],"wp:term":[{"taxonomy":"category","embeddable":true,"href":"https:\/\/nazarenonews.com.br\/index.php\/wp-json\/wp\/v2\/categories?post=25558"},{"taxonomy":"post_tag","embeddable":true,"href":"https:\/\/nazarenonews.com.br\/index.php\/wp-json\/wp\/v2\/tags?post=25558"}],"curies":[{"name":"wp","href":"https:\/\/api.w.org\/{rel}","templated":true}]}}