{"id":25551,"date":"2026-08-31T07:34:10","date_gmt":"2026-08-31T11:34:10","guid":{"rendered":"https:\/\/nazarenonews.com.br\/?p=25551"},"modified":"2026-08-31T07:34:11","modified_gmt":"2026-08-31T11:34:11","slug":"o-tempo-e-a-temperatura-centro-oeste-tera-calor-e-chuva-em-areas-de-mato-grosso-do-sul-nesta-segunda-feira-31","status":"publish","type":"post","link":"https:\/\/nazarenonews.com.br\/index.php\/2026\/08\/31\/o-tempo-e-a-temperatura-centro-oeste-tera-calor-e-chuva-em-areas-de-mato-grosso-do-sul-nesta-segunda-feira-31\/","title":{"rendered":"O TEMPO E A TEMPERATURA: Centro-Oeste ter\u00e1 calor e chuva em \u00e1reas de Mato Grosso do Sul nesta segunda-feira (31)"},"content":{"rendered":"\n<h2 class=\"wp-block-heading\">Temperaturas chegam a 41\u00b0C em Cuiab\u00e1, enquanto Bras\u00edlia e Goi\u00e2nia ter\u00e3o poucas nuvens ao longo do dia<\/h2>\n\n\n\n<p>Data de publica\u00e7\u00e3o: 30 de Agosto de 2026, 18:30h<\/p>\n\n\n\n<p>A segunda-feira (31) ser\u00e1 marcada por calor no&nbsp;<strong>Centro-Oeste<\/strong>,&nbsp;<strong>com temperaturas m\u00e1ximas acima dos 30\u00b0C em todas as capitais<\/strong>. A principal mudan\u00e7a nas condi\u00e7\u00f5es do tempo ocorre em&nbsp;<strong>Mato Grosso do Sul,<\/strong>&nbsp;onde&nbsp;<strong>h\u00e1 previs\u00e3o de chuva<\/strong>, segundo o&nbsp;<a href=\"https:\/\/portal.inmet.gov.br\/\"><strong>Instituto Nacional de Meteorologia (Inmet)<\/strong><\/a>.<\/p>\n\n\n\n<p>O&nbsp;<strong>Distrito Federal<\/strong>,&nbsp;<strong>Bras\u00edlia&nbsp;<\/strong>ter\u00e1&nbsp;<strong>poucas nuvens<\/strong>, com temperatura m\u00ednima de&nbsp;<strong>17\u00b0C&nbsp;<\/strong>e m\u00e1xima de&nbsp;<strong>31\u00b0C<\/strong>. A condi\u00e7\u00e3o de&nbsp;<strong>tempo mais aberto&nbsp;<\/strong>tamb\u00e9m predomina nas<strong>&nbsp;\u00e1reas pr\u00f3ximas \u00e0 capital<\/strong>.<\/p>\n\n\n\n<p>Em&nbsp;<strong>Goi\u00e1s<\/strong>,&nbsp;<strong>Goi\u00e2nia&nbsp;<\/strong>registra m\u00ednima de&nbsp;<strong>22\u00b0C<\/strong>&nbsp;e m\u00e1xima de&nbsp;<strong>36\u00b0C<\/strong>, tamb\u00e9m com&nbsp;<strong>poucas nuvens<\/strong>. No estado,&nbsp;<strong>a nebulosidade aumenta em \u00e1reas do sul e sudoeste goiano<\/strong>, enquanto as&nbsp;<strong>demais regi\u00f5es&nbsp;<\/strong>permanecem com&nbsp;<strong>menor cobertura de nuvens<\/strong>.<\/p>\n\n\n\n<p>Em&nbsp;<strong>Mato Grosso<\/strong>,&nbsp;<strong>Cuiab\u00e1&nbsp;<\/strong>ter\u00e1 m\u00ednima de<strong>&nbsp;23\u00b0C&nbsp;<\/strong>e m\u00e1xima de&nbsp;<strong>41\u00b0C<\/strong>, a maior temperatura prevista entre as capitais da regi\u00e3o.&nbsp;<strong>Muitas nuvens<\/strong>&nbsp;<strong>predominam na capital e em parte do estado<\/strong>, enquanto&nbsp;<strong>\u00e1reas mais ao norte<\/strong>&nbsp;apresentam&nbsp;<strong>menor nebulosidad<\/strong>e.<\/p>\n\n\n\n<p>J\u00e1 em&nbsp;<strong>Mato Grosso do Sul<\/strong>,&nbsp;<strong>Campo Grande&nbsp;<\/strong>ter\u00e1 m\u00ednima de<strong>&nbsp;24\u00b0C&nbsp;<\/strong>e m\u00e1xima de<strong>&nbsp;37\u00b0C<\/strong>, com&nbsp;<strong>muitas nuvens e chuva<\/strong>. As&nbsp;<strong>instabilidade<\/strong>s atingem principalmente o&nbsp;<strong>sul e o sudoeste do estado<\/strong>, com&nbsp;<strong>possibilidade de pancadas de chuva e trovoadas&nbsp;<\/strong>em algumas \u00e1reas.<br>&nbsp;<\/p>\n\n\n\n<h2 class=\"wp-block-heading\"><strong>5 motivos para acompanhar as previs\u00f5es do tempo<\/strong><\/h2>\n\n\n\n<ul>\n<li>Agricultura: garantia de uma boa colheita;<\/li>\n\n\n\n<li>Marinha: prote\u00e7\u00e3o de marinheiros, navios e passageiros;<\/li>\n\n\n\n<li>Aeron\u00e1utica: seguran\u00e7a de pilotos, aeronaves e passageiros;<\/li>\n\n\n\n<li>Pesca: condi\u00e7\u00f5es favor\u00e1veis e seguras para a atividade;<\/li>\n\n\n\n<li>Turismo: garantia de passeios e viagens tranquilas e agrad\u00e1veis.<\/li>\n<\/ul>\n\n\n\n<h2 class=\"wp-block-heading\"><strong>Import\u00e2ncia das observa\u00e7\u00f5es meteorol\u00f3gicas no INMET<\/strong><\/h2>\n\n\n\n<p>As observa\u00e7\u00f5es meteorol\u00f3gicas do INMET s\u00e3o essenciais para previs\u00f5es em tempo real, estat\u00edsticas clim\u00e1ticas e coopera\u00e7\u00e3o internacional. Esses dados precisos ajudam a estudar o clima passado e a produzir Normais Climatol\u00f3gicas conforme a Organiza\u00e7\u00e3o Meteorol\u00f3gica Mundial (<a href=\"https:\/\/worldweather.wmo.int\/pt\/home.html\">OMM<\/a>).<\/p>\n\n\n\n<p><strong>As informa\u00e7\u00f5es s\u00e3o do Instituto Nacional de Meteorologia (<a href=\"https:\/\/portal.inmet.gov.br\/\">Inmet<\/a>).<\/strong><\/p>\n","protected":false},"excerpt":{"rendered":"<p>Temperaturas chegam a 41\u00b0C em Cuiab\u00e1, enquanto Bras\u00edlia e Goi\u00e2nia ter\u00e3o poucas nuvens ao longo do dia Data de publica\u00e7\u00e3o: 30 de Agosto de 2026, 18:30h A segunda-feira (31) ser\u00e1 marcada por calor no&nbsp;Centro-Oeste,&nbsp;com temperaturas m\u00e1ximas acima dos 30\u00b0C em todas as capitais. A principal mudan\u00e7a nas condi\u00e7\u00f5es do tempo ocorre em&nbsp;Mato Grosso do Sul,&nbsp;onde&nbsp;h\u00e1 [&hellip;]<\/p>\n","protected":false},"author":2,"featured_media":24879,"comment_status":"closed","ping_status":"closed","sticky":false,"template":"","format":"standard","meta":{"_monsterinsights_skip_tracking":false,"footnotes":""},"categories":[52],"tags":[],"_links":{"self":[{"href":"https:\/\/nazarenonews.com.br\/index.php\/wp-json\/wp\/v2\/posts\/25551"}],"collection":[{"href":"https:\/\/nazarenonews.com.br\/index.php\/wp-json\/wp\/v2\/posts"}],"about":[{"href":"https:\/\/nazarenonews.com.br\/index.php\/wp-json\/wp\/v2\/types\/post"}],"author":[{"embeddable":true,"href":"https:\/\/nazarenonews.com.br\/index.php\/wp-json\/wp\/v2\/users\/2"}],"replies":[{"embeddable":true,"href":"https:\/\/nazarenonews.com.br\/index.php\/wp-json\/wp\/v2\/comments?post=25551"}],"version-history":[{"count":1,"href":"https:\/\/nazarenonews.com.br\/index.php\/wp-json\/wp\/v2\/posts\/25551\/revisions"}],"predecessor-version":[{"id":25552,"href":"https:\/\/nazarenonews.com.br\/index.php\/wp-json\/wp\/v2\/posts\/25551\/revisions\/25552"}],"wp:featuredmedia":[{"embeddable":true,"href":"https:\/\/nazarenonews.com.br\/index.php\/wp-json\/wp\/v2\/media\/24879"}],"wp:attachment":[{"href":"https:\/\/nazarenonews.com.br\/index.php\/wp-json\/wp\/v2\/media?parent=25551"}],"wp:term":[{"taxonomy":"category","embeddable":true,"href":"https:\/\/nazarenonews.com.br\/index.php\/wp-json\/wp\/v2\/categories?post=25551"},{"taxonomy":"post_tag","embeddable":true,"href":"https:\/\/nazarenonews.com.br\/index.php\/wp-json\/wp\/v2\/tags?post=25551"}],"curies":[{"name":"wp","href":"https:\/\/api.w.org\/{rel}","templated":true}]}}