{"id":25547,"date":"2026-08-31T07:32:12","date_gmt":"2026-08-31T11:32:12","guid":{"rendered":"https:\/\/nazarenonews.com.br\/?p=25547"},"modified":"2026-08-31T07:32:12","modified_gmt":"2026-08-31T11:32:12","slug":"policia-apreende-500-litros-de-diesel-que-seriam-usados-em-garimpo-ilegal-na-terra-indigena-sarare-em-mt","status":"publish","type":"post","link":"https:\/\/nazarenonews.com.br\/index.php\/2026\/08\/31\/policia-apreende-500-litros-de-diesel-que-seriam-usados-em-garimpo-ilegal-na-terra-indigena-sarare-em-mt\/","title":{"rendered":"Pol\u00edcia apreende 500 litros de diesel que seriam usados em garimpo ilegal na Terra Ind\u00edgena Sarar\u00e9 em MT"},"content":{"rendered":"\n<p>Cerca de 500 litros de \u00f3leo diesel que seriam usados para abastecer m\u00e1quinas de um garimpo ilegal foram apreendidos em uma caminhonete, na noite desta sexta-feira (28), na estrada de acesso \u00e0 Terra Ind\u00edgena Sarar\u00e9, em&nbsp;<a class=\"\" href=\"https:\/\/g1.globo.com\/mt\/mato-grosso\/cidade\/pontes-e-lacerda\/\">Pontes e Lacerda<\/a>, a 483 km de Cuiab\u00e1. O ve\u00edculo foi abandonado \u00e0s margens da estrada ap\u00f3s o motorista fugir de uma abordagem da Pol\u00edcia Civil<\/p>\n\n\n\n<p>A apreens\u00e3o ocorreu depois que os policiais receberam informa\u00e7\u00f5es de que ve\u00edculos estariam transportando combust\u00edvel e outros materiais para o garimpo ilegal, principalmente durante a noite. Durante as buscas,&nbsp;a equipe encontrou uma caminhonete branca com uma carga coberta por lona e tambores parcialmente vis\u00edveis na carroceria.&nbsp;O motorista n\u00e3o obedeceu \u00e0 ordem de parada e fugiu.<\/p>\n\n\n\n<p>Os policiais perderam o ve\u00edculo de vista por causa da poeira na estrada. Alguns quil\u00f4metros depois, a caminhonete foi encontrada abandonada, com um dos pneus danificado. Os ocupantes haviam fugido a p\u00e9 em dire\u00e7\u00e3o a uma \u00e1rea de pastagem.<\/p>\n\n\n\n<p>Com o aux\u00edlio de um drone equipado com c\u00e2mera t\u00e9rmica, os policiais localizaram um dos suspeitos. Ele foi acompanhado por cerca de um quil\u00f4metro, mas entrou em uma \u00e1rea de mata densa e n\u00e3o foi localizado.<\/p>\n\n\n\n<p>Na caminhonete, foram encontrados&nbsp;10 tambores com cerca de 50 litros de diesel S500 cada, totalizando aproximadamente&nbsp;500 litros de combust\u00edvel.&nbsp;Tamb\u00e9m foram apreendidos objetos pessoais. O ve\u00edculo foi retirado por um guincho porque estava com o pneu danificado e a chave havia sido levada pelo motorista durante a fuga.<\/p>\n\n\n\n<p>A caminhonete, o combust\u00edvel e os demais materiais foram encaminhados \u00e0 Delegacia de Pontes e Lacerda.<\/p>\n\n\n\n<p>O caso ser\u00e1 investigado pela Pol\u00edcia Civil.<\/p>\n\n\n\n<h2 class=\"wp-block-heading\">Hist\u00f3rico de explora\u00e7\u00e3o<a href=\"https:\/\/globoplay.globo.com\/categorias\/lollapalooza\/?origemId=1779&amp;utm_source=g1&amp;utm_medium=tapume&amp;utm_campaign=aq-org_g1_conteudo_up_perf_banner_web_tier2_live_lolla-24&amp;utm_content=banner&amp;utm_term=tapume-g1-assista\"><\/a><\/h2>\n\n\n\n<p>Fac\u00e7\u00e3o entra em garimpo ilegal, que n\u00e3o para de avan\u00e7ar sobre terra ind\u00edgena em Mato Grosso<\/p>\n\n\n\n<p>A<a class=\"\" href=\"https:\/\/g1.globo.com\/mt\/mato-grosso\/noticia\/2026\/06\/09\/apreensao-e-destruicao-de-materiais-causam-prejuizo-de-mais-de-r-90-milhoes-a-garimpo-ilegal-na-terra-indigena-sarare-em-mt.ghtml\"><strong>&nbsp;Terra Ind\u00edgena Sarar\u00e9 abriga 201 ind\u00edgenas do povo Nambikwara,<\/strong><\/a>&nbsp;distribu\u00eddos em sete aldeias. O territ\u00f3rio possui cerca de 67 mil hectares, dos quais 4,2 mil hectares foram impactados pelo garimpo ilegal.<\/p>\n\n\n\n<p>Homologada em 1985, a \u00e1rea enfrenta, nos \u00faltimos anos, conflitos relacionados \u00e0 explora\u00e7\u00e3o clandestina de ouro. Segundo o governo federal, a opera\u00e7\u00e3o de desintrus\u00e3o busca garantir a seguran\u00e7a dos ind\u00edgenas, proteger o territ\u00f3rio e conter o avan\u00e7o da atividade ilegal.<\/p>\n\n\n\n<p>Segundo a Opan, das 74 \u00e1reas registradas na base geogr\u00e1fica da Funai, 69 possuem processos miner\u00e1rios em seu entorno imediato, considerando um raio de at\u00e9 10 quil\u00f4metros.<\/p>\n\n\n\n<p>De acordo com o levantamento, o n\u00famero de processos miner\u00e1rios em Mato Grosso saltou de 5.926, em 2018, para 13.627, em 2025, um crescimento de quase 130%. Ao todo, esses processos abrangem cerca de 22.539.135,89 hectares. Considerando que o estado possui aproximadamente 90.320.699 hectares (903.207 km\u00b2), a \u00e1rea j\u00e1 sob incid\u00eancia miner\u00e1ria corresponde a 24,9% do territ\u00f3rio, uma extens\u00e3o compar\u00e1vel \u00e0 \u00e1rea do Reino Unido.<\/p>\n\n\n\n<p>A maior concentra\u00e7\u00e3o ocorre na fase de Autoriza\u00e7\u00e3o de Pesquisa, que representa 29% do total, com 3.918 processos distribu\u00eddos em aproximadamente 9.308.819,47 hectares.<\/p>\n\n\n\n<p>Al\u00e9m dos danos ambientais, o levantamento registra o aumento da viol\u00eancia na regi\u00e3o, com a presen\u00e7a de fac\u00e7\u00f5es criminosas e relatos de tiros, amea\u00e7as de morte e ataques a aldeias. Segundo o boletim, o cen\u00e1rio exp\u00f5e a comunidade a risco de danos irrepar\u00e1veis, caracterizando uma viol\u00eancia estrutural e sistem\u00e1tica.<\/p>\n\n\n\n<h2 class=\"wp-block-heading\">Press\u00e3o no entorno de Terras ind\u00edgenas<\/h2>\n\n\n\n<p><a class=\"\" href=\"https:\/\/g1.globo.com\/mt\/mato-grosso\/noticia\/2026\/06\/09\/apreensao-e-destruicao-de-materiais-causam-prejuizo-de-mais-de-r-90-milhoes-a-garimpo-ilegal-na-terra-indigena-sarare-em-mt.ghtml\"><strong>Terra Ind\u00edgena Sarar\u00e9, o territ\u00f3rio ocupa a quarta posi\u00e7\u00e3o entre as TIs com maior n\u00famero de requerimentos miner\u00e1rios pr\u00f3ximos, somando 72 processos ativos.&nbsp;<\/strong><\/a>O principal min\u00e9rio de interesse nessas solicita\u00e7\u00f5es \u00e9 o ouro, presente em 58 processos, que, juntos, abrangem cerca de 143.383,9 hectares.<\/p>\n\n\n\n<p>Em primeiro lugar est\u00e1 a Terra Ind\u00edgena Vale do Guapor\u00e9, que concentra a maior \u00e1rea sob influ\u00eancia de processos miner\u00e1rios em seu entorno, com aproximadamente 237.061,77 hectares. Na sequ\u00eancia aparece a Terra Ind\u00edgena Escondido, com 195.355,32 hectares, seguida pela Terra Ind\u00edgena Piripkura, de povos ind\u00edgenas isolados, com 157.620,48 hectares.<\/p>\n","protected":false},"excerpt":{"rendered":"<p>Cerca de 500 litros de \u00f3leo diesel que seriam usados para abastecer m\u00e1quinas de um garimpo ilegal foram apreendidos em uma caminhonete, na noite desta sexta-feira (28), na estrada de acesso \u00e0 Terra Ind\u00edgena Sarar\u00e9, em&nbsp;Pontes e Lacerda, a 483 km de Cuiab\u00e1. O ve\u00edculo foi abandonado \u00e0s margens da estrada ap\u00f3s o motorista fugir [&hellip;]<\/p>\n","protected":false},"author":2,"featured_media":25549,"comment_status":"closed","ping_status":"closed","sticky":false,"template":"","format":"standard","meta":{"_monsterinsights_skip_tracking":false,"footnotes":""},"categories":[1,48],"tags":[],"_links":{"self":[{"href":"https:\/\/nazarenonews.com.br\/index.php\/wp-json\/wp\/v2\/posts\/25547"}],"collection":[{"href":"https:\/\/nazarenonews.com.br\/index.php\/wp-json\/wp\/v2\/posts"}],"about":[{"href":"https:\/\/nazarenonews.com.br\/index.php\/wp-json\/wp\/v2\/types\/post"}],"author":[{"embeddable":true,"href":"https:\/\/nazarenonews.com.br\/index.php\/wp-json\/wp\/v2\/users\/2"}],"replies":[{"embeddable":true,"href":"https:\/\/nazarenonews.com.br\/index.php\/wp-json\/wp\/v2\/comments?post=25547"}],"version-history":[{"count":1,"href":"https:\/\/nazarenonews.com.br\/index.php\/wp-json\/wp\/v2\/posts\/25547\/revisions"}],"predecessor-version":[{"id":25550,"href":"https:\/\/nazarenonews.com.br\/index.php\/wp-json\/wp\/v2\/posts\/25547\/revisions\/25550"}],"wp:featuredmedia":[{"embeddable":true,"href":"https:\/\/nazarenonews.com.br\/index.php\/wp-json\/wp\/v2\/media\/25549"}],"wp:attachment":[{"href":"https:\/\/nazarenonews.com.br\/index.php\/wp-json\/wp\/v2\/media?parent=25547"}],"wp:term":[{"taxonomy":"category","embeddable":true,"href":"https:\/\/nazarenonews.com.br\/index.php\/wp-json\/wp\/v2\/categories?post=25547"},{"taxonomy":"post_tag","embeddable":true,"href":"https:\/\/nazarenonews.com.br\/index.php\/wp-json\/wp\/v2\/tags?post=25547"}],"curies":[{"name":"wp","href":"https:\/\/api.w.org\/{rel}","templated":true}]}}