{"id":25544,"date":"2026-08-31T07:18:47","date_gmt":"2026-08-31T11:18:47","guid":{"rendered":"https:\/\/nazarenonews.com.br\/?p=25544"},"modified":"2026-08-31T07:18:47","modified_gmt":"2026-08-31T11:18:47","slug":"lula-menospreza-garis-e-nikolas-rebate-todo-trabalho-e-digno","status":"publish","type":"post","link":"https:\/\/nazarenonews.com.br\/index.php\/2026\/08\/31\/lula-menospreza-garis-e-nikolas-rebate-todo-trabalho-e-digno\/","title":{"rendered":"Lula menospreza garis e Nikolas rebate: &#8220;todo trabalho \u00e9 digno&#8221;"},"content":{"rendered":"\n<p>O deputado federal Nikolas Ferreira (PL-MG) criticou o presidente Luiz In\u00e1cio Lula da Silva (PT) ap\u00f3s uma declara\u00e7\u00e3o envolvendo profissionais respons\u00e1veis pela coleta de lixo e limpeza das cidades.<\/p>\n\n\n\n<p>Em v\u00eddeo publicado nas redes sociais, o parlamentar afirmou que o trabalho dos garis \u00e9 essencial para o funcionamento dos munic\u00edpios e rebateu a ideia de que a profiss\u00e3o seria \u201cpobre\u201d ou motivo de falta de orgulho.<\/p>\n\n\n\n<p>\u201cN\u00e3o \u00e9 porque \u00e9 um trabalho mais simples, menos complexo, que voc\u00ea n\u00e3o deve valorizar\u201d, afirmou Nikolas.<\/p>\n\n\n\n<p>Segundo o deputado, os profissionais que atuam na coleta de res\u00edduos enfrentam diariamente condi\u00e7\u00f5es dif\u00edceis para manter as cidades limpas e, por isso, deveriam receber reconhecimento e respeito.<\/p>\n\n\n\n<p>Nikolas tamb\u00e9m direcionou cr\u00edticas ao presidente Lula, argumentando que o chefe do Executivo deveria valorizar todas as categorias profissionais, independentemente do n\u00edvel de escolaridade ou da complexidade das atividades exercidas.<\/p>\n\n\n\n<p>Na avalia\u00e7\u00e3o do parlamentar, a fala tamb\u00e9m representaria uma forma de desvaloriza\u00e7\u00e3o de trabalhadores de menor renda. Ele comparou a situa\u00e7\u00e3o com cr\u00edticas que j\u00e1 fez ao tratamento dado pelo governo a personalidades conhecidas, citando o jogador Neymar.<\/p>\n\n\n\n<p>Ao final da publica\u00e7\u00e3o, Nikolas deixou uma mensagem aos garis de todo o pa\u00eds e refor\u00e7ou sua posi\u00e7\u00e3o contra Lula.&nbsp;<\/p>\n\n\n\n<p>ConsultarServi\u00e7os Da Administra\u00e7\u00e3o P\u00fablica<\/p>\n\n\n\n<p>\u201cUm forte abra\u00e7o para todos os garis, n\u00e3o somente de Belo Horizonte, mas de todo o Brasil, que fazem um trabalho essencial\u201d, declarou.<\/p>\n\n\n\n<p>O deputado encerrou a manifesta\u00e7\u00e3o defendendo que Lula n\u00e3o deveria permanecer na Presid\u00eancia da Rep\u00fablica e afirmou que o trabalho dos garis \u00e9 digno.<\/p>\n","protected":false},"excerpt":{"rendered":"<p>O deputado federal Nikolas Ferreira (PL-MG) criticou o presidente Luiz In\u00e1cio Lula da Silva (PT) ap\u00f3s uma declara\u00e7\u00e3o envolvendo profissionais respons\u00e1veis pela coleta de lixo e limpeza das cidades. Em v\u00eddeo publicado nas redes sociais, o parlamentar afirmou que o trabalho dos garis \u00e9 essencial para o funcionamento dos munic\u00edpios e rebateu a ideia de [&hellip;]<\/p>\n","protected":false},"author":2,"featured_media":25545,"comment_status":"closed","ping_status":"closed","sticky":false,"template":"","format":"standard","meta":{"_monsterinsights_skip_tracking":false,"footnotes":""},"categories":[50,1,48],"tags":[],"_links":{"self":[{"href":"https:\/\/nazarenonews.com.br\/index.php\/wp-json\/wp\/v2\/posts\/25544"}],"collection":[{"href":"https:\/\/nazarenonews.com.br\/index.php\/wp-json\/wp\/v2\/posts"}],"about":[{"href":"https:\/\/nazarenonews.com.br\/index.php\/wp-json\/wp\/v2\/types\/post"}],"author":[{"embeddable":true,"href":"https:\/\/nazarenonews.com.br\/index.php\/wp-json\/wp\/v2\/users\/2"}],"replies":[{"embeddable":true,"href":"https:\/\/nazarenonews.com.br\/index.php\/wp-json\/wp\/v2\/comments?post=25544"}],"version-history":[{"count":1,"href":"https:\/\/nazarenonews.com.br\/index.php\/wp-json\/wp\/v2\/posts\/25544\/revisions"}],"predecessor-version":[{"id":25546,"href":"https:\/\/nazarenonews.com.br\/index.php\/wp-json\/wp\/v2\/posts\/25544\/revisions\/25546"}],"wp:featuredmedia":[{"embeddable":true,"href":"https:\/\/nazarenonews.com.br\/index.php\/wp-json\/wp\/v2\/media\/25545"}],"wp:attachment":[{"href":"https:\/\/nazarenonews.com.br\/index.php\/wp-json\/wp\/v2\/media?parent=25544"}],"wp:term":[{"taxonomy":"category","embeddable":true,"href":"https:\/\/nazarenonews.com.br\/index.php\/wp-json\/wp\/v2\/categories?post=25544"},{"taxonomy":"post_tag","embeddable":true,"href":"https:\/\/nazarenonews.com.br\/index.php\/wp-json\/wp\/v2\/tags?post=25544"}],"curies":[{"name":"wp","href":"https:\/\/api.w.org\/{rel}","templated":true}]}}