{"id":25532,"date":"2026-08-30T14:09:35","date_gmt":"2026-08-30T18:09:35","guid":{"rendered":"https:\/\/nazarenonews.com.br\/?p=25532"},"modified":"2026-08-30T14:09:35","modified_gmt":"2026-08-30T18:09:35","slug":"camera-registra-momento-em-que-bandido-mata-jovem-de-23-anos-em-peixoto-de-azevedo","status":"publish","type":"post","link":"https:\/\/nazarenonews.com.br\/index.php\/2026\/08\/30\/camera-registra-momento-em-que-bandido-mata-jovem-de-23-anos-em-peixoto-de-azevedo\/","title":{"rendered":"C\u00e2mera registra momento em que bandido mata jovem de 23 anos em Peixoto de Azevedo"},"content":{"rendered":"\n<p>Uma c\u00e2mera de seguran\u00e7a registrou o momento em que Wuslley de Souza, de 23 anos, FOI assassinado a tiros durante a madrugada desse s\u00e1bado (29), em Peixoto de Azevedo (a 674 km de Cuiab\u00e1), em Mato Grosso. A v\u00edtima estava em uma tabacaria, acompanhado de amigos, quando recebeu uma mensagem no celular e foi at\u00e9 o local onde foi morto.<\/p>\n\n\n\n<p>Nas imagens, compartilhadas pelo perfil Rotina Policial MT, Wuslley aparece caminhando ao lado de outro jovem quando uma dupla em uma moto se aproxima. Na sequ\u00eancia, o garupa desce e come\u00e7a a conversar com os rapazes enquanto o piloto se afasta e aguarda alguns metros \u00e0 frente. Pouco depois, quando Wuslley vira de costas, o assassino atira e sai correndo, montando na garupa da moto e fugindo do local.<\/p>\n\n\n\n<p>Conforme divulgado anteriormente pelo Rep\u00f3rterMT, Wuslley estava em uma tabacaria com amigos e, ap\u00f3s trocar mensagens pelo celular, deixou o estabelecimento e seguiu at\u00e9 o ponto onde acabou morto, a poucos metros do local.<\/p>\n\n\n\n<p>A Pol\u00edcia Militar foi acionada por volta das 1h15 ap\u00f3s receber informa\u00e7\u00f5es sobre uma pessoa baleada. Quando os policiais chegaram, encontraram o jovem ca\u00eddo no ch\u00e3o, aparentemente sem sinais vitais.<\/p>\n\n\n\n<p>A Per\u00edcia Oficial e Identifica\u00e7\u00e3o T\u00e9cnica (Politec) de Guarant\u00e3 do Norte realizou os procedimentos no local. O caso \u00e9 investigado pela Pol\u00edcia Civil de Peixoto de Azevedo, que busca identificar os respons\u00e1veis e esclarecer a motiva\u00e7\u00e3o do homic\u00eddio.<\/p>\n\n\n\n<p>Rep\u00f3rterMT<\/p>\n","protected":false},"excerpt":{"rendered":"<p>Uma c\u00e2mera de seguran\u00e7a registrou o momento em que Wuslley de Souza, de 23 anos, FOI assassinado a tiros durante a madrugada desse s\u00e1bado (29), em Peixoto de Azevedo (a 674 km de Cuiab\u00e1), em Mato Grosso. A v\u00edtima estava em uma tabacaria, acompanhado de amigos, quando recebeu uma mensagem no celular e foi at\u00e9 [&hellip;]<\/p>\n","protected":false},"author":2,"featured_media":25533,"comment_status":"closed","ping_status":"closed","sticky":false,"template":"","format":"standard","meta":{"_monsterinsights_skip_tracking":false,"footnotes":""},"categories":[36,51,1],"tags":[],"_links":{"self":[{"href":"https:\/\/nazarenonews.com.br\/index.php\/wp-json\/wp\/v2\/posts\/25532"}],"collection":[{"href":"https:\/\/nazarenonews.com.br\/index.php\/wp-json\/wp\/v2\/posts"}],"about":[{"href":"https:\/\/nazarenonews.com.br\/index.php\/wp-json\/wp\/v2\/types\/post"}],"author":[{"embeddable":true,"href":"https:\/\/nazarenonews.com.br\/index.php\/wp-json\/wp\/v2\/users\/2"}],"replies":[{"embeddable":true,"href":"https:\/\/nazarenonews.com.br\/index.php\/wp-json\/wp\/v2\/comments?post=25532"}],"version-history":[{"count":1,"href":"https:\/\/nazarenonews.com.br\/index.php\/wp-json\/wp\/v2\/posts\/25532\/revisions"}],"predecessor-version":[{"id":25534,"href":"https:\/\/nazarenonews.com.br\/index.php\/wp-json\/wp\/v2\/posts\/25532\/revisions\/25534"}],"wp:featuredmedia":[{"embeddable":true,"href":"https:\/\/nazarenonews.com.br\/index.php\/wp-json\/wp\/v2\/media\/25533"}],"wp:attachment":[{"href":"https:\/\/nazarenonews.com.br\/index.php\/wp-json\/wp\/v2\/media?parent=25532"}],"wp:term":[{"taxonomy":"category","embeddable":true,"href":"https:\/\/nazarenonews.com.br\/index.php\/wp-json\/wp\/v2\/categories?post=25532"},{"taxonomy":"post_tag","embeddable":true,"href":"https:\/\/nazarenonews.com.br\/index.php\/wp-json\/wp\/v2\/tags?post=25532"}],"curies":[{"name":"wp","href":"https:\/\/api.w.org\/{rel}","templated":true}]}}