{"id":2544,"date":"2024-08-28T07:33:08","date_gmt":"2024-08-28T11:33:08","guid":{"rendered":"https:\/\/nazarenonews.com.br\/?p=2544"},"modified":"2024-08-28T07:33:09","modified_gmt":"2024-08-28T11:33:09","slug":"prefeito-de-chapada-dos-guimaraes-decreta-situacao-de-emergencia-por-falta-de-chuva","status":"publish","type":"post","link":"https:\/\/nazarenonews.com.br\/index.php\/2024\/08\/28\/prefeito-de-chapada-dos-guimaraes-decreta-situacao-de-emergencia-por-falta-de-chuva\/","title":{"rendered":"Prefeito de Chapada dos Guimar\u00e3es decreta situa\u00e7\u00e3o de emerg\u00eancia por falta de chuva"},"content":{"rendered":"\n<p>O prefeito de Chapada dos Guimar\u00e3es, Osmar Froner de Mello (Uni\u00e3o), decretou situa\u00e7\u00e3o de emerg\u00eancia no munic\u00edpio devido \u00e0 falta de chuva. De acordo com o documento, publicado no Di\u00e1rio dos Munic\u00edpios que circula nesta ter\u00e7a-feira (27), a cidade est\u00e1 sofrendo uma situa\u00e7\u00e3o anormal de estiagem climatol\u00f3gica desde o m\u00eas de junho e a condi\u00e7\u00e3o est\u00e1 facilitando a propaga\u00e7\u00e3o de inc\u00eandios, afetando a popula\u00e7\u00e3o chapadense.<\/p>\n\n\n\n<p>O decreto determina que o poder p\u00fablico dever\u00e1 atuar em a\u00e7\u00f5es de resposta \u00e0 seca e de reabilita\u00e7\u00e3o do cen\u00e1rio, que compreendem a convoca\u00e7\u00e3o de volunt\u00e1rios, a realiza\u00e7\u00e3o de campanhas de arrecada\u00e7\u00e3o de recursos junto \u00e0 comunidade, a autoriza\u00e7\u00e3o para que autoridades administrativas e os agentes de defesa civil possam adentrar nas casas para prestar socorro e a utiliza\u00e7\u00e3o de propriedades particulares em caso de perigo p\u00fablico.<\/p>\n\n\n\n<p>O documento autoriza tamb\u00e9m o in\u00edcio de processos de desapropria\u00e7\u00e3o de propriedades particulares em \u00e1reas de riscos de desastres.<\/p>\n\n\n\n<p>\u201cAutoriza-se o in\u00edcio de processos de desapropria\u00e7\u00e3o, por utilidade p\u00fablica, de propriedades particulares comprovadamente localizadas em \u00e1reas de risco intensificado de desastre\u201d, diz trecho do decreto.<\/p>\n\n\n\n<p>Al\u00e9m disso, o decreto dispensa licita\u00e7\u00e3o de contratos de aquisi\u00e7\u00e3o de bens, presta\u00e7\u00e3o de servi\u00e7os e de obras necess\u00e1rios \u00e0s atividades de resposta \u00e0 emerg\u00eancia. O prazo do decreto \u00e9 de 120 dias.<\/p>\n\n\n\n<p>Rep\u00f3rter MT<\/p>\n","protected":false},"excerpt":{"rendered":"<p>O prefeito de Chapada dos Guimar\u00e3es, Osmar Froner de Mello (Uni\u00e3o), decretou situa\u00e7\u00e3o de emerg\u00eancia no munic\u00edpio devido \u00e0 falta de chuva. De acordo com o documento, publicado no Di\u00e1rio dos Munic\u00edpios que circula nesta ter\u00e7a-feira (27), a cidade est\u00e1 sofrendo uma situa\u00e7\u00e3o anormal de estiagem climatol\u00f3gica desde o m\u00eas de junho e a condi\u00e7\u00e3o [&hellip;]<\/p>\n","protected":false},"author":2,"featured_media":2545,"comment_status":"closed","ping_status":"closed","sticky":false,"template":"","format":"standard","meta":{"_monsterinsights_skip_tracking":false,"_monsterinsights_sitenote_active":false,"_monsterinsights_sitenote_note":"","_monsterinsights_sitenote_category":0,"footnotes":""},"categories":[1],"tags":[],"_links":{"self":[{"href":"https:\/\/nazarenonews.com.br\/index.php\/wp-json\/wp\/v2\/posts\/2544"}],"collection":[{"href":"https:\/\/nazarenonews.com.br\/index.php\/wp-json\/wp\/v2\/posts"}],"about":[{"href":"https:\/\/nazarenonews.com.br\/index.php\/wp-json\/wp\/v2\/types\/post"}],"author":[{"embeddable":true,"href":"https:\/\/nazarenonews.com.br\/index.php\/wp-json\/wp\/v2\/users\/2"}],"replies":[{"embeddable":true,"href":"https:\/\/nazarenonews.com.br\/index.php\/wp-json\/wp\/v2\/comments?post=2544"}],"version-history":[{"count":1,"href":"https:\/\/nazarenonews.com.br\/index.php\/wp-json\/wp\/v2\/posts\/2544\/revisions"}],"predecessor-version":[{"id":2546,"href":"https:\/\/nazarenonews.com.br\/index.php\/wp-json\/wp\/v2\/posts\/2544\/revisions\/2546"}],"wp:featuredmedia":[{"embeddable":true,"href":"https:\/\/nazarenonews.com.br\/index.php\/wp-json\/wp\/v2\/media\/2545"}],"wp:attachment":[{"href":"https:\/\/nazarenonews.com.br\/index.php\/wp-json\/wp\/v2\/media?parent=2544"}],"wp:term":[{"taxonomy":"category","embeddable":true,"href":"https:\/\/nazarenonews.com.br\/index.php\/wp-json\/wp\/v2\/categories?post=2544"},{"taxonomy":"post_tag","embeddable":true,"href":"https:\/\/nazarenonews.com.br\/index.php\/wp-json\/wp\/v2\/tags?post=2544"}],"curies":[{"name":"wp","href":"https:\/\/api.w.org\/{rel}","templated":true}]}}