{"id":2541,"date":"2024-08-28T07:30:20","date_gmt":"2024-08-28T11:30:20","guid":{"rendered":"https:\/\/nazarenonews.com.br\/?p=2541"},"modified":"2024-08-28T07:30:21","modified_gmt":"2024-08-28T11:30:21","slug":"saiba-quem-era-professor-encontrado-morto-dentro-de-freezer-em-mt","status":"publish","type":"post","link":"https:\/\/nazarenonews.com.br\/index.php\/2024\/08\/28\/saiba-quem-era-professor-encontrado-morto-dentro-de-freezer-em-mt\/","title":{"rendered":"Saiba quem era professor encontrado morto dentro de freezer em MT"},"content":{"rendered":"\n<p>O professor Carlos de Souza Pedrosa, que foi<a class=\"\" href=\"https:\/\/g1.globo.com\/mt\/mato-grosso\/noticia\/2024\/08\/27\/professor-desaparecido-ha-20-dias-e-encontrado-morto-e-suspeito-de-assassinato-e-preso-em-mt.ghtml\">\u00a0encontrado morto dentro de um freezer abandonado<\/a>\u00a0em uma \u00e1rea rural de\u00a0<a class=\"\" href=\"https:\/\/g1.globo.com\/mt\/mato-grosso\/cidade\/tangara-da-serra\/\">Tangar\u00e1 da Serra<\/a>, a 242 km de\u00a0<a class=\"\" href=\"https:\/\/g1.globo.com\/mt\/mato-grosso\/cidade\/cuiaba\/\">Cuiab\u00e1<\/a>, nessa segunda-feira (26), estava aposentado h\u00e1 cerca de dois anos. Conhecido como &#8220;Carlinhos&#8221;, ele come\u00e7ou a trabalhar em um centro municipal de ensino fundamental e infantil de Tangar\u00e1 da Serra, em 1999, depois, passou por outras escolas da cidade.<\/p>\n\n\n\n<p>O professor de 58 anos nasceu no dia 6 de mar\u00e7o de 1966, no distrito de Pirapanema do munic\u00edpio\u00a0<a class=\"\" href=\"https:\/\/g1.globo.com\/mg\/zona-da-mata\/cidade\/muriae\/\">Muria\u00e9 (MG)<\/a>\u00a0e formou-se em pedagogia em 1994.<\/p>\n\n\n\n<p>Ao<a class=\"\" href=\"https:\/\/g1.globo.com\/\"><strong>\u00a0g1<\/strong><\/a>, o colega de profiss\u00e3o de Carlos e secret\u00e1rio de educa\u00e7\u00e3o de Tangar\u00e1 da Serra, Vagner Constatino, disse que o mineiro era uma pessoa muito alegre e querida por todos.<\/p>\n\n\n\n<p><strong>&#8220;Trabalhei com Carlos durante oito anos e ele gostava muito de dar aula para os anos iniciais, como 3\u00b0 e 4\u00b0 ano. Ele era um professor brincalh\u00e3o e se dava bem com todo mundo&#8221;, contou.<\/strong><\/p>\n\n\n\n<p>Apesar de ser apaixonado por ministrar aulas e estar sempre presente nas escolas e em eventos educacionais, o amigo contou que Carlos sofria problemas com bebidas alc\u00f3olicas h\u00e1 um tempo.<\/p>\n\n\n\n<p><strong>&#8220;Todos sempre tiveram um bom relacionamento com ele, e n\u00e3o tinha nada que desabonasse a conduta dele, tirando esse lado que fazia mal pra ele, do pr\u00f3prio uso do \u00e1lcool. Fiquei sabendo que ele estava tendo problemas com bebidas e isso trouxe problemas s\u00e9rios para ele, que at\u00e9 o deixou doente por um tempo&#8221;, explicou.<\/strong><\/p>\n\n\n\n<p>A maior parte da carreira de Carlos foi em escolas do munic\u00edpio,&nbsp;<strong>mas ele tamb\u00e9m j\u00e1 atuou como professor na Argentina.<\/strong><\/p>\n\n\n\n<h2 class=\"wp-block-heading\">Planos e morte<\/h2>\n\n\n\n<p>O pedagogo aposentado morava sozinho e<a class=\"\" href=\"https:\/\/g1.globo.com\/mt\/mato-grosso\/noticia\/2024\/08\/27\/professor-encontrado-morto-em-freezer-abrigou-suspeitos-e-foi-morto-apos-dizer-que-venderia-tudo-para-se-mudar-diz-delegado.ghtml\">\u00a0fornecia abrigo tempor\u00e1rio para os dois jovens<\/a>, ambos de 19 anos, que s\u00e3o suspeitos do assassinato do professor. Um deles foi preso por homic\u00eddio e oculta\u00e7\u00e3o de cad\u00e1ver, e o outro ainda \u00e9 procurado pela pol\u00edcia.<\/p>\n\n\n\n<p>A dupla que morava com Calos eram sustentados financeiramente por ele e tamb\u00e9m usavam o local como ponto de uso de droga e se aproveitavam da renda da aposentadoria. Segundo o delegado, o professor compartilhou com os jovens&nbsp;<strong>o plano que tinha de vender tudo e se mudar da cidade, o que incomodou a dupla.<\/strong><\/p>\n\n\n\n<p>Motivados pelo medo de ficarem sem um lugar para ficar e tamb\u00e9m por alguns desentendimentos pelo uso excessivo de \u00e1lcool e drogas, os jovens mataram a v\u00edtima com golpes de faca. &#8220;No mesmo dia, dia 5, sa\u00edram para a rua com cart\u00f5es de cr\u00e9dito da v\u00edtima e foram presos&#8221;, explicou o delegado.<\/p>\n\n\n\n<p>Ainda no dia 5 deste m\u00eas, os jovens foram ouvidos na delegacia e autuados por furto de cart\u00f5es. Em seguida, foram encaminhados \u00e0 Justi\u00e7a e soltos. Dois dias depois, foi registrado o boletim de ocorr\u00eancia sobre o desaparecimento do professor.<\/p>\n\n\n\n<p>O delegado tamb\u00e9m contou que, mesmo ap\u00f3s a soltura da dupla, a pol\u00edcia seguiu com as investiga\u00e7\u00f5es para identificar quem era o dono dos cart\u00f5es encontrados com os suspeitos. Durante as buscas, na casa de uma tia do suspeito, foram encontrados alguns m\u00f3veis pertencentes ao professor. O jovem foi localizado logo depois e confessou o crime aos policiais, indicando ainda a localiza\u00e7\u00e3o do corpo.<\/p>\n\n\n\n<p>O segundo suspeito tamb\u00e9m j\u00e1 foi identificado, mas segue foragido, de acordo com a Pol\u00edcia Civil.<\/p>\n\n\n\n<p>A Per\u00edcia T\u00e9cnica e o Instituto M\u00e9dico Legal (IML) foram acionados e encaminharam o corpo para exames de necr\u00f3psia.<\/p>\n\n\n\n<p>G1-MT<\/p>\n","protected":false},"excerpt":{"rendered":"<p>O professor Carlos de Souza Pedrosa, que foi\u00a0encontrado morto dentro de um freezer abandonado\u00a0em uma \u00e1rea rural de\u00a0Tangar\u00e1 da Serra, a 242 km de\u00a0Cuiab\u00e1, nessa segunda-feira (26), estava aposentado h\u00e1 cerca de dois anos. Conhecido como &#8220;Carlinhos&#8221;, ele come\u00e7ou a trabalhar em um centro municipal de ensino fundamental e infantil de Tangar\u00e1 da Serra, em [&hellip;]<\/p>\n","protected":false},"author":2,"featured_media":2542,"comment_status":"closed","ping_status":"closed","sticky":false,"template":"","format":"standard","meta":{"_monsterinsights_skip_tracking":false,"_monsterinsights_sitenote_active":false,"_monsterinsights_sitenote_note":"","_monsterinsights_sitenote_category":0,"footnotes":""},"categories":[1],"tags":[],"_links":{"self":[{"href":"https:\/\/nazarenonews.com.br\/index.php\/wp-json\/wp\/v2\/posts\/2541"}],"collection":[{"href":"https:\/\/nazarenonews.com.br\/index.php\/wp-json\/wp\/v2\/posts"}],"about":[{"href":"https:\/\/nazarenonews.com.br\/index.php\/wp-json\/wp\/v2\/types\/post"}],"author":[{"embeddable":true,"href":"https:\/\/nazarenonews.com.br\/index.php\/wp-json\/wp\/v2\/users\/2"}],"replies":[{"embeddable":true,"href":"https:\/\/nazarenonews.com.br\/index.php\/wp-json\/wp\/v2\/comments?post=2541"}],"version-history":[{"count":1,"href":"https:\/\/nazarenonews.com.br\/index.php\/wp-json\/wp\/v2\/posts\/2541\/revisions"}],"predecessor-version":[{"id":2543,"href":"https:\/\/nazarenonews.com.br\/index.php\/wp-json\/wp\/v2\/posts\/2541\/revisions\/2543"}],"wp:featuredmedia":[{"embeddable":true,"href":"https:\/\/nazarenonews.com.br\/index.php\/wp-json\/wp\/v2\/media\/2542"}],"wp:attachment":[{"href":"https:\/\/nazarenonews.com.br\/index.php\/wp-json\/wp\/v2\/media?parent=2541"}],"wp:term":[{"taxonomy":"category","embeddable":true,"href":"https:\/\/nazarenonews.com.br\/index.php\/wp-json\/wp\/v2\/categories?post=2541"},{"taxonomy":"post_tag","embeddable":true,"href":"https:\/\/nazarenonews.com.br\/index.php\/wp-json\/wp\/v2\/tags?post=2541"}],"curies":[{"name":"wp","href":"https:\/\/api.w.org\/{rel}","templated":true}]}}