{"id":2538,"date":"2024-08-28T07:25:07","date_gmt":"2024-08-28T11:25:07","guid":{"rendered":"https:\/\/nazarenonews.com.br\/?p=2538"},"modified":"2024-08-28T07:26:29","modified_gmt":"2024-08-28T11:26:29","slug":"quaest-em-cuiaba-eduardo-botelho-tem-31-das-intencoes-de-voto-abilio-brunini-25-e-ludio-cabral-21","status":"publish","type":"post","link":"https:\/\/nazarenonews.com.br\/index.php\/2024\/08\/28\/quaest-em-cuiaba-eduardo-botelho-tem-31-das-intencoes-de-voto-abilio-brunini-25-e-ludio-cabral-21\/","title":{"rendered":"Quaest em Cuiab\u00e1: Eduardo Botelho tem 31% das inten\u00e7\u00f5es de voto; Ab\u00edlio Brunini, 25%; e L\u00fadio Cabral, 21%"},"content":{"rendered":"\n<p>Pesquisa Quaest divulgada nesta ter\u00e7a-feira (27) com as inten\u00e7\u00f5es de voto para prefeito de Cuiab\u00e1 mostra o candidato\u00a0Eduardo Botelho (Uni\u00e3o) com 31%, seguido por\u00a0Ab\u00edlio Brunini (PL) com 25%,\u00a0L\u00fadio Cabral (PT) 21%.\u00a0A pesquisa Quaest foi encomendada pela\u00a0<strong>TV Centro Am\u00e9rica<\/strong>.<\/p>\n\n\n\n<p>A margem de erro da pesquisa \u00e9 de tr\u00eas pontos percentuais para mais ou para menos e o n\u00edvel de confian\u00e7a \u00e9 de 95%. Com isso,&nbsp;Botelho e Ab\u00edlio est\u00e3o empatados&nbsp;no limite da margem de erro.&nbsp;Abilio e L\u00fadio tamb\u00e9m est\u00e3o tecnicamente empatados.<\/p>\n\n\n\n<p>A pesquisa Quaest foi realizada presencialmente com 852 eleitores de 16 anos ou mais em Cuiab\u00e1, entre os dias 24 e 26 de agosto, e foi registrada na Justi\u00e7a Eleitoral sob o protocolo MT-07650\/2024.<\/p>\n\n\n\n<p>Veja os n\u00fameros completos da<strong>&nbsp;pesquisa estimulada<\/strong>, aquela em que os nomes e o partido dos candidatos s\u00e3o apresentados aos eleitores:<\/p>\n\n\n\n<ul>\n<li><strong>Eduardo Botelho (Uni\u00e3o): 31%<\/strong><\/li>\n\n\n\n<li><strong>Ab\u00edlio Brunini (PL): 25%<\/strong><\/li>\n\n\n\n<li><strong>L\u00fadio Cabral (PT): 21%<\/strong><\/li>\n\n\n\n<li><strong>Domingos Kennedy (MDB): 4%<\/strong><\/li>\n\n\n\n<li><strong>Indecisos: 9%<\/strong><\/li>\n\n\n\n<li><strong>Branco\/Nulo\/N\u00e3o vai votar: 10%<\/strong><\/li>\n<\/ul>\n\n\n\n<h2 class=\"wp-block-heading\">Pesquisa espont\u00e2nea<\/h2>\n\n\n\n<p>A Quaest tamb\u00e9m pesquisou a&nbsp;<strong>inten\u00e7\u00e3o de votos espont\u00e2nea<\/strong>, aquela em que os nomes dos candidatos n\u00e3o s\u00e3o apresentados aos eleitores pelos entrevistadores.<\/p>\n\n\n\n<p>Os n\u00fameros tamb\u00e9m apontam que, no cen\u00e1rio espont\u00e2neo, o n\u00famero de eleitores indecisos \u00e9 de 64%. Veja os resultados completos:<\/p>\n\n\n\n<ul>\n<li><strong>Eduardo Botelho (Uni\u00e3o):\u00a0<\/strong>15%<\/li>\n\n\n\n<li><strong>Ab\u00edlio Brunini (PL):<\/strong>\u00a011%<\/li>\n\n\n\n<li><strong>L\u00fadio Cabral (PT):<\/strong>\u00a08%<\/li>\n\n\n\n<li><strong>Domingos Kennedy (MDB):\u00a0<\/strong>1%<\/li>\n\n\n\n<li><strong>Indecisos:<\/strong>\u00a064%<\/li>\n\n\n\n<li><strong>Branco\/Nulo\/N\u00e3o vai votar:<\/strong>\u00a01%<\/li>\n<\/ul>\n\n\n\n<h2 class=\"wp-block-heading\">Escolha de voto \u00e9 definitiva ou ainda pode mudar?<\/h2>\n\n\n\n<p><strong>Ab\u00edlio Brunini (PL)<\/strong><\/p>\n\n\n\n<ul>\n<li>\u00c9 definitiva: 61%<\/li>\n\n\n\n<li>Pode mudar: 39%<\/li>\n<\/ul>\n\n\n\n<p><strong>L\u00fadio Cabral (PT)<\/strong><\/p>\n\n\n\n<ul>\n<li>\u00c9 definitiva: 57%<\/li>\n\n\n\n<li>Pode mudar: 42%<\/li>\n\n\n\n<li>NS\/NR: 1%<\/li>\n<\/ul>\n\n\n\n<p><strong>Eduardo Botelho (Uni\u00e3o)<\/strong><\/p>\n\n\n\n<ul>\n<li>\u00c9 definitiva: 50%<\/li>\n\n\n\n<li>Pode mudar: 49%<\/li>\n\n\n\n<li>NS\/NR: 1%<\/li>\n<\/ul>\n\n\n\n<h2 class=\"wp-block-heading\">Conhecimento dos eleitores e n\u00edvel de rejei\u00e7\u00e3o<\/h2>\n\n\n\n<p>A pesquisa Quaest tamb\u00e9m perguntou aos eleitores se eles conheciam os candidatos e, os conhecendo, se votariam ou n\u00e3o neles. Os resultados foram os seguintes:<\/p>\n\n\n\n<p><strong>Botelho (Uni\u00e3o)<\/strong><\/p>\n\n\n\n<ul>\n<li>Conhece e votaria: 50%<\/li>\n\n\n\n<li>N\u00e3o conhece: 18%<\/li>\n\n\n\n<li>Conhece e n\u00e3o votaria (rejei\u00e7\u00e3o): 29%<\/li>\n\n\n\n<li>NS\/NR: 3%<\/li>\n<\/ul>\n\n\n\n<p><strong>Ab\u00edlio (PL)<\/strong><\/p>\n\n\n\n<ul>\n<li>Conhece e votaria: 40%<\/li>\n\n\n\n<li>N\u00e3o conhece: 17%<\/li>\n\n\n\n<li>Conhece e n\u00e3o votaria (rejei\u00e7\u00e3o): 40%<\/li>\n\n\n\n<li>NS\/NR: 3%<\/li>\n<\/ul>\n\n\n\n<p><strong>L\u00fadio (PT)<\/strong><\/p>\n\n\n\n<ul>\n<li>Conhece e votaria: 35%<\/li>\n\n\n\n<li>N\u00e3o conhece: 23%<\/li>\n\n\n\n<li>Conhece e n\u00e3o votaria (rejei\u00e7\u00e3o): 38%<\/li>\n\n\n\n<li>NS\/NR: 4%<\/li>\n<\/ul>\n\n\n\n<p><strong>Kennedy (MDB)<\/strong><\/p>\n\n\n\n<ul>\n<li>Conhece e votaria: 9%<\/li>\n\n\n\n<li>N\u00e3o conhece: 73%<\/li>\n\n\n\n<li>Conhece e n\u00e3o votaria (rejei\u00e7\u00e3o): 15%<\/li>\n\n\n\n<li>NS\/NR: 3%<\/li>\n<\/ul>\n\n\n\n<p>G1-MT<\/p>\n","protected":false},"excerpt":{"rendered":"<p>Pesquisa Quaest divulgada nesta ter\u00e7a-feira (27) com as inten\u00e7\u00f5es de voto para prefeito de Cuiab\u00e1 mostra o candidato\u00a0Eduardo Botelho (Uni\u00e3o) com 31%, seguido por\u00a0Ab\u00edlio Brunini (PL) com 25%,\u00a0L\u00fadio Cabral (PT) 21%.\u00a0A pesquisa Quaest foi encomendada pela\u00a0TV Centro Am\u00e9rica. A margem de erro da pesquisa \u00e9 de tr\u00eas pontos percentuais para mais ou para menos e [&hellip;]<\/p>\n","protected":false},"author":2,"featured_media":2539,"comment_status":"closed","ping_status":"closed","sticky":false,"template":"","format":"standard","meta":{"_monsterinsights_skip_tracking":false,"_monsterinsights_sitenote_active":false,"_monsterinsights_sitenote_note":"","_monsterinsights_sitenote_category":0,"footnotes":""},"categories":[1],"tags":[],"_links":{"self":[{"href":"https:\/\/nazarenonews.com.br\/index.php\/wp-json\/wp\/v2\/posts\/2538"}],"collection":[{"href":"https:\/\/nazarenonews.com.br\/index.php\/wp-json\/wp\/v2\/posts"}],"about":[{"href":"https:\/\/nazarenonews.com.br\/index.php\/wp-json\/wp\/v2\/types\/post"}],"author":[{"embeddable":true,"href":"https:\/\/nazarenonews.com.br\/index.php\/wp-json\/wp\/v2\/users\/2"}],"replies":[{"embeddable":true,"href":"https:\/\/nazarenonews.com.br\/index.php\/wp-json\/wp\/v2\/comments?post=2538"}],"version-history":[{"count":1,"href":"https:\/\/nazarenonews.com.br\/index.php\/wp-json\/wp\/v2\/posts\/2538\/revisions"}],"predecessor-version":[{"id":2540,"href":"https:\/\/nazarenonews.com.br\/index.php\/wp-json\/wp\/v2\/posts\/2538\/revisions\/2540"}],"wp:featuredmedia":[{"embeddable":true,"href":"https:\/\/nazarenonews.com.br\/index.php\/wp-json\/wp\/v2\/media\/2539"}],"wp:attachment":[{"href":"https:\/\/nazarenonews.com.br\/index.php\/wp-json\/wp\/v2\/media?parent=2538"}],"wp:term":[{"taxonomy":"category","embeddable":true,"href":"https:\/\/nazarenonews.com.br\/index.php\/wp-json\/wp\/v2\/categories?post=2538"},{"taxonomy":"post_tag","embeddable":true,"href":"https:\/\/nazarenonews.com.br\/index.php\/wp-json\/wp\/v2\/tags?post=2538"}],"curies":[{"name":"wp","href":"https:\/\/api.w.org\/{rel}","templated":true}]}}