{"id":2529,"date":"2024-08-27T17:38:19","date_gmt":"2024-08-27T21:38:19","guid":{"rendered":"https:\/\/nazarenonews.com.br\/?p=2529"},"modified":"2024-08-27T17:38:19","modified_gmt":"2024-08-27T21:38:19","slug":"cinco-pessoas-sao-presas-suspeitas-de-envolvimento-com-trafico-de-drogas-e-tortura-em-mt","status":"publish","type":"post","link":"https:\/\/nazarenonews.com.br\/index.php\/2024\/08\/27\/cinco-pessoas-sao-presas-suspeitas-de-envolvimento-com-trafico-de-drogas-e-tortura-em-mt\/","title":{"rendered":"Cinco pessoas s\u00e3o presas suspeitas de envolvimento com tr\u00e1fico de drogas e tortura em MT"},"content":{"rendered":"\n<p>A Pol\u00edcia Civil prendeu cinco pessoas em flagrante, enquanto cumpria mandados de busca e apreens\u00e3o contra suspeitos de envolvimento em tr\u00e1fico de drogas e tortura, em&nbsp;<a class=\"\" href=\"https:\/\/g1.globo.com\/mt\/mato-grosso\/cidade\/campos-de-julio\/\">Campos de J\u00falio<\/a>, a 692 km de Cuiab\u00e1, nessa ter\u00e7a-feira (27).<\/p>\n\n\n\n<p>A a\u00e7\u00e3o foi realizada durante a Opera\u00e7\u00e3o Finito, que tamb\u00e9m\u00a0<strong>apreendeu por\u00e7\u00f5es de entorpecentes, materiais relacionados ao tr\u00e1fico de drogas e objetos utilizados para a pr\u00e1tica de crimes.<\/strong><\/p>\n\n\n\n<p>Com essa opera\u00e7\u00e3o, a pol\u00edcia informou que encerra uma s\u00e9rie de investiga\u00e7\u00f5es, que tinham o objetivo de desmantelar o chamado &#8220;tribunal do crime&#8221; no munic\u00edpio.<\/p>\n\n\n\n<p>Os trabalhos come\u00e7aram 2021, com a investiga\u00e7\u00e3o do desaparecimento de nove pessoas e a pr\u00e1tica de torturas, conhecidas como \u201cdisciplinas\u201d, aplicadas por fac\u00e7\u00f5es criminosas, para coagir a popula\u00e7\u00e3o, ainda de acordo com a pol\u00edcia.<\/p>\n\n\n\n<h2 class=\"wp-block-heading\">Outras pris\u00f5es<\/h2>\n\n\n\n<p>Outras duas opera\u00e7\u00f5es, realizadas no ano passado e em abril deste ano, identificaram envolvidos na estrutura criminosa entre 2021 e 2023.<\/p>\n\n\n\n<p>Conforme a pol\u00edcia, 17 pessoas foram presas, 27 suspeitos de integrar fac\u00e7\u00e3o criminosa indiciados e 14 mandados de busca domiciliar cumpridos.<\/p>\n\n\n\n<p>Os envolvidos responder\u00e3o pelos crimes de tortura, homic\u00eddio qualificado, sequestro e c\u00e1rcere privado, oculta\u00e7\u00e3o de cad\u00e1ver e tr\u00e1fico de drogas em associa\u00e7\u00e3o criminosa, informou a pol\u00edcia.<\/p>\n\n\n\n<p>G1-MT<\/p>\n","protected":false},"excerpt":{"rendered":"<p>A Pol\u00edcia Civil prendeu cinco pessoas em flagrante, enquanto cumpria mandados de busca e apreens\u00e3o contra suspeitos de envolvimento em tr\u00e1fico de drogas e tortura, em&nbsp;Campos de J\u00falio, a 692 km de Cuiab\u00e1, nessa ter\u00e7a-feira (27). A a\u00e7\u00e3o foi realizada durante a Opera\u00e7\u00e3o Finito, que tamb\u00e9m\u00a0apreendeu por\u00e7\u00f5es de entorpecentes, materiais relacionados ao tr\u00e1fico de drogas [&hellip;]<\/p>\n","protected":false},"author":2,"featured_media":2531,"comment_status":"closed","ping_status":"closed","sticky":false,"template":"","format":"standard","meta":{"_monsterinsights_skip_tracking":false,"_monsterinsights_sitenote_active":false,"_monsterinsights_sitenote_note":"","_monsterinsights_sitenote_category":0,"footnotes":""},"categories":[1],"tags":[],"_links":{"self":[{"href":"https:\/\/nazarenonews.com.br\/index.php\/wp-json\/wp\/v2\/posts\/2529"}],"collection":[{"href":"https:\/\/nazarenonews.com.br\/index.php\/wp-json\/wp\/v2\/posts"}],"about":[{"href":"https:\/\/nazarenonews.com.br\/index.php\/wp-json\/wp\/v2\/types\/post"}],"author":[{"embeddable":true,"href":"https:\/\/nazarenonews.com.br\/index.php\/wp-json\/wp\/v2\/users\/2"}],"replies":[{"embeddable":true,"href":"https:\/\/nazarenonews.com.br\/index.php\/wp-json\/wp\/v2\/comments?post=2529"}],"version-history":[{"count":1,"href":"https:\/\/nazarenonews.com.br\/index.php\/wp-json\/wp\/v2\/posts\/2529\/revisions"}],"predecessor-version":[{"id":2532,"href":"https:\/\/nazarenonews.com.br\/index.php\/wp-json\/wp\/v2\/posts\/2529\/revisions\/2532"}],"wp:featuredmedia":[{"embeddable":true,"href":"https:\/\/nazarenonews.com.br\/index.php\/wp-json\/wp\/v2\/media\/2531"}],"wp:attachment":[{"href":"https:\/\/nazarenonews.com.br\/index.php\/wp-json\/wp\/v2\/media?parent=2529"}],"wp:term":[{"taxonomy":"category","embeddable":true,"href":"https:\/\/nazarenonews.com.br\/index.php\/wp-json\/wp\/v2\/categories?post=2529"},{"taxonomy":"post_tag","embeddable":true,"href":"https:\/\/nazarenonews.com.br\/index.php\/wp-json\/wp\/v2\/tags?post=2529"}],"curies":[{"name":"wp","href":"https:\/\/api.w.org\/{rel}","templated":true}]}}