{"id":2526,"date":"2024-08-27T17:33:43","date_gmt":"2024-08-27T21:33:43","guid":{"rendered":"https:\/\/nazarenonews.com.br\/?p=2526"},"modified":"2024-08-27T17:33:43","modified_gmt":"2024-08-27T21:33:43","slug":"ibama-anuncia-contratacao-de-300-brigadistas-para-combater-incendios-em-mt","status":"publish","type":"post","link":"https:\/\/nazarenonews.com.br\/index.php\/2024\/08\/27\/ibama-anuncia-contratacao-de-300-brigadistas-para-combater-incendios-em-mt\/","title":{"rendered":"Ibama anuncia contrata\u00e7\u00e3o de 300 brigadistas para combater inc\u00eandios em MT"},"content":{"rendered":"\n<p>O Instituto Brasileiro do Meio Ambiente e dos Recursos Naturais Renov\u00e1veis (Ibama) informou que&nbsp;contratar\u00e1 300 brigadistas para combater inc\u00eandios em Mato Grosso, que tem&nbsp;<strong>focos de queimada nos tr\u00eas biomas&nbsp;<\/strong>que abrangem o estado \u2013 Amaz\u00f4nia, Cerrado e Pantanal. A Portaria foi publicada nesta ter\u00e7a-feira (27), no Di\u00e1rio Oficial da Uni\u00e3o.<\/p>\n\n\n\n<p>O estado tem passado por uma situa\u00e7\u00e3o de seca severa e de inc\u00eandios ocorrendo simultaneamente em diversos pontos de Mato Grosso. Segundo um levantamento do Programa BDQueimadas, do Instituto Nacional de Pesquisas Espaciais (Inpe), de janeiro at\u00e9 agosto, foram registrados\u00a0mais de 21 mil focos de inc\u00eandios, sendo\u00a0<strong>11,4 mil na Amaz\u00f4nia, 8 mil no Cerrado e 2,2 mil no Pantanal.<\/strong><\/p>\n\n\n\n<p>Na Amaz\u00f4nia, a\u00a0<a class=\"\" href=\"https:\/\/g1.globo.com\/mt\/mato-grosso\/noticia\/2024\/08\/26\/brigadista-que-desapaceu-enquanto-combatia-incendio-e-encontrado-morto-carbonizado-no-pantanal-de-mt.ghtml\">Terra Ind\u00edgena Capoto Jarina, no Parque Nacional do Xingu, a 692 km de Cuiab\u00e1<\/a>\u00a0tem sido uma das regi\u00f5es mais atingidas com o fogo descontrolado. Nessa segunda-feira (26), um relat\u00f3rio divulgado pelo Instituto Raoni mostrou que a<strong>\u00a0regi\u00e3o tem cerca de 635 mil hectares\u00a0<\/strong>e<strong>\u00a0<\/strong>que\u00a0<strong>somente 42 brigadistas estavam atuando no combate<\/strong>\u00a0ao fogo.<\/p>\n\n\n\n<p>Por outro lado, no Cerrado, especificamente no munic\u00edpio de\u00a0<a class=\"\" href=\"https:\/\/g1.globo.com\/mt\/mato-grosso\/cidade\/itiquira\/\">Itiquira<\/a>, a 359 km de Cuiab\u00e1, os moradores andam cada vez mais amedrontados devido \u00e0s queimadas registradas na cidade. Um exemplo disso foi h\u00e1 cinco dias, quando um<a class=\"\" href=\"https:\/\/g1.globo.com\/mt\/mato-grosso\/noticia\/2024\/08\/21\/video-incendio-atinge-canavial-e-deixa-br-163-coberta-de-fumaca-em-mt.ghtml\">\u00a0inc\u00eandio de grandes propo\u00e7\u00f5es atingiu um canavial e deixou a regi\u00e3o coberta por fuma\u00e7a.<\/a><\/p>\n\n\n\n<p>J\u00e1 no Pantanal, a situa\u00e7\u00e3o ganha ainda mais destaque por causa dos impactos negativos que o fogo tem causado na vida dos moradores locais e dos animais silvestres, que est\u00e3o morrendo em meio \u00e0 seca severa. H\u00e1 duas semanas, a regi\u00e3o da&nbsp;<a class=\"\" href=\"https:\/\/g1.globo.com\/mt\/mato-grosso\/noticia\/2024\/08\/07\/incendio-atinge-area-de-conservacao-no-pantanal-de-mt.ghtml\">Reserva Particular do Patrim\u00f4nio Natural do Sesc Pantanal<\/a>, em&nbsp;<a class=\"\" href=\"https:\/\/g1.globo.com\/mt\/mato-grosso\/cidade\/barao-de-melgaco\/\">Bar\u00e3o de Melga\u00e7o<\/a>, a 121 km de Cuiab\u00e1, foi atingida por uma queimada e teve parte da vegeta\u00e7\u00e3o devastada.<\/p>\n\n\n\n<p>O estado tamb\u00e9m j\u00e1<a class=\"\" href=\"https:\/\/g1.globo.com\/mt\/mato-grosso\/noticia\/2024\/08\/26\/brigadista-que-desapaceu-enquanto-combatia-incendio-e-encontrado-morto-carbonizado-no-pantanal-de-mt.ghtml\">\u00a0perdeu dois brigadistas que ajudavam no combate ao fogo<\/a>\u00a0e acabaram sendo atingidos pelas chamas.<\/p>\n\n\n\n<h2 class=\"wp-block-heading\">Plano para o combate<\/h2>\n\n\n\n<p>De acordo com a Portaria do Ibama, os brigadistas contratados ser\u00e3o alocados em 14 munic\u00edpios de Mato Grosso. Al\u00e9m disso, supervisores tamb\u00e9m ser\u00e3o designados para atuar em todo o estado.<\/p>\n\n\n\n<p>A assessoria de imprensa do Ibama informou que as brigadas trabalhar\u00e3o em colabora\u00e7\u00e3o com institui\u00e7\u00f5es estaduais e ter\u00e3o a flexibilidade de se deslocar para outras cidades, caso haja necessidade.<\/p>\n\n\n\n<h2 class=\"wp-block-heading\">Veja abaixo como as equipes ser\u00e3o divididas:<\/h2>\n\n\n\n<p><strong>1\u00b0 grupo<\/strong><\/p>\n\n\n\n<ul>\n<li>Tangar\u00e1 da Serra<\/li>\n\n\n\n<li>Brasnorte (2)<\/li>\n\n\n\n<li>Conquista D&#8217;Oeste<\/li>\n\n\n\n<li>Pocon\u00e9<\/li>\n\n\n\n<li>Bom Jesus do Araguaia<\/li>\n\n\n\n<li>S\u00e3o Jos\u00e9 do Xingu<\/li>\n\n\n\n<li>Confresa<\/li>\n\n\n\n<li>Total: 104 brigadistas<\/li>\n<\/ul>\n\n\n\n<p><strong>2\u00b0 grupo<\/strong><\/p>\n\n\n\n<ul>\n<li>S\u00e3o F\u00e9lix do Araguaia (15)<\/li>\n\n\n\n<li>Total: 15 brigadistas<\/li>\n<\/ul>\n\n\n\n<p><strong>3\u00b0 grupo<\/strong><\/p>\n\n\n\n<ul>\n<li>Feliz Natal (22)<\/li>\n\n\n\n<li>Canarana (22)<\/li>\n\n\n\n<li>Total: 44 brigadistas<\/li>\n<\/ul>\n\n\n\n<p><strong>4\u00b0 grupo<\/strong><\/p>\n\n\n\n<ul>\n<li>Cotrigua\u00e7u (25)<\/li>\n\n\n\n<li>Paranatinga (25)<\/li>\n\n\n\n<li>C\u00e1ceres (25)<\/li>\n\n\n\n<li>Total: 75 brigadistas<\/li>\n<\/ul>\n\n\n\n<p><strong>5\u00b0 grupo<\/strong><\/p>\n\n\n\n<ul>\n<li>Ga\u00facha do Norte<\/li>\n\n\n\n<li>Total: 25 brigadistas<\/li>\n<\/ul>\n\n\n\n<p><strong>6\u00b0 grupo<\/strong><\/p>\n\n\n\n<ul>\n<li>Um chefe de esquadr\u00e3o<\/li>\n<\/ul>\n\n\n\n<p><strong>7\u00b0 grupo<\/strong><\/p>\n\n\n\n<ul>\n<li>Equipe de Queima Prescrita<\/li>\n\n\n\n<li>Total: 26 brigadistas<\/li>\n<\/ul>\n\n\n\n<p><strong>8\u00b0 grupo<\/strong><\/p>\n\n\n\n<ul>\n<li>Supervisores<\/li>\n\n\n\n<li>Total: 10<\/li>\n<\/ul>\n\n\n\n<p>G1-MT<\/p>\n","protected":false},"excerpt":{"rendered":"<p>O Instituto Brasileiro do Meio Ambiente e dos Recursos Naturais Renov\u00e1veis (Ibama) informou que&nbsp;contratar\u00e1 300 brigadistas para combater inc\u00eandios em Mato Grosso, que tem&nbsp;focos de queimada nos tr\u00eas biomas&nbsp;que abrangem o estado \u2013 Amaz\u00f4nia, Cerrado e Pantanal. A Portaria foi publicada nesta ter\u00e7a-feira (27), no Di\u00e1rio Oficial da Uni\u00e3o. O estado tem passado por uma [&hellip;]<\/p>\n","protected":false},"author":2,"featured_media":2527,"comment_status":"closed","ping_status":"closed","sticky":false,"template":"","format":"standard","meta":{"_monsterinsights_skip_tracking":false,"_monsterinsights_sitenote_active":false,"_monsterinsights_sitenote_note":"","_monsterinsights_sitenote_category":0,"footnotes":""},"categories":[1],"tags":[],"_links":{"self":[{"href":"https:\/\/nazarenonews.com.br\/index.php\/wp-json\/wp\/v2\/posts\/2526"}],"collection":[{"href":"https:\/\/nazarenonews.com.br\/index.php\/wp-json\/wp\/v2\/posts"}],"about":[{"href":"https:\/\/nazarenonews.com.br\/index.php\/wp-json\/wp\/v2\/types\/post"}],"author":[{"embeddable":true,"href":"https:\/\/nazarenonews.com.br\/index.php\/wp-json\/wp\/v2\/users\/2"}],"replies":[{"embeddable":true,"href":"https:\/\/nazarenonews.com.br\/index.php\/wp-json\/wp\/v2\/comments?post=2526"}],"version-history":[{"count":1,"href":"https:\/\/nazarenonews.com.br\/index.php\/wp-json\/wp\/v2\/posts\/2526\/revisions"}],"predecessor-version":[{"id":2528,"href":"https:\/\/nazarenonews.com.br\/index.php\/wp-json\/wp\/v2\/posts\/2526\/revisions\/2528"}],"wp:featuredmedia":[{"embeddable":true,"href":"https:\/\/nazarenonews.com.br\/index.php\/wp-json\/wp\/v2\/media\/2527"}],"wp:attachment":[{"href":"https:\/\/nazarenonews.com.br\/index.php\/wp-json\/wp\/v2\/media?parent=2526"}],"wp:term":[{"taxonomy":"category","embeddable":true,"href":"https:\/\/nazarenonews.com.br\/index.php\/wp-json\/wp\/v2\/categories?post=2526"},{"taxonomy":"post_tag","embeddable":true,"href":"https:\/\/nazarenonews.com.br\/index.php\/wp-json\/wp\/v2\/tags?post=2526"}],"curies":[{"name":"wp","href":"https:\/\/api.w.org\/{rel}","templated":true}]}}