{"id":2502,"date":"2024-08-27T07:37:13","date_gmt":"2024-08-27T11:37:13","guid":{"rendered":"https:\/\/nazarenonews.com.br\/?p=2502"},"modified":"2024-08-27T07:37:13","modified_gmt":"2024-08-27T11:37:13","slug":"laudo-tecnico-conclui-que-filho-de-moraes-agrediu-empresario-em-aeroporto-de-roma","status":"publish","type":"post","link":"https:\/\/nazarenonews.com.br\/index.php\/2024\/08\/27\/laudo-tecnico-conclui-que-filho-de-moraes-agrediu-empresario-em-aeroporto-de-roma\/","title":{"rendered":"Laudo t\u00e9cnico conclui que filho de Moraes agrediu empres\u00e1rio em aeroporto de Roma"},"content":{"rendered":"\n<p>Um novo cap\u00edtulo surgiu no caso que envolve o filho do ministro Alexandre de Moraes e a fam\u00edlia Mantovani. Um laudo t\u00e9cnico concluiu que Alexandre Barci, filho do ministro, agrediu o empres\u00e1rio Roberto Mantovani com um \u201ctapa na nuca\u201d em 14 de julho de 2023. A an\u00e1lise contraria as acusa\u00e7\u00f5es iniciais e prop\u00f5e uma nova vis\u00e3o dos acontecimentos.<\/p>\n\n\n\n<p>O relat\u00f3rio, elaborado pelo renomado professor Ricardo Molina de Figueiredo, foi baseado em imagens revisadas diretamente na sede do Supremo Tribunal Federal (STF). A revis\u00e3o contou com a presen\u00e7a de Ralph T\u00f3rtima, advogado da fam\u00edlia Mantovani, acompanhando o processo de perto ao lado de ju\u00edzes auxiliares e servidores p\u00fablicos.<\/p>\n\n\n\n<p><strong>Laudo t\u00e9cnico do Aeroporto de Roma revela novos detalhes<\/strong><\/p>\n\n\n\n<p>Figueiredo apontou que as imagens apresentadas anteriormente, numeradas de 59 a 61, d\u00e3o uma \u201cideia falsa do que realmente ocorreu\u201d. Segundo o perito, uma cena crucial foi suprimida, mostrando Alexandre Barci agredindo Roberto Mantovani. Esta descoberta redefiniu a narrativa, mostrando que Mantovani levantou o bra\u00e7o em um movimento instintivo de defesa, sem inten\u00e7\u00e3o de agredir.<\/p>\n\n\n\n<p><strong>O que motivou a reviravolta no caso dos Mantovanis?<\/strong><\/p>\n\n\n\n<p>A motiva\u00e7\u00e3o por tr\u00e1s dessa reviravolta envolve a an\u00e1lise detalhada das imagens. Durante uma sess\u00e3o de revis\u00e3o no STF, Figueiredo notou falhas na numera\u00e7\u00e3o das imagens e a supress\u00e3o de frames importantes. Estes elementos, que n\u00e3o foram preservados corretamente, evidenciam a agress\u00e3o inicial de Barci.<\/p>\n\n\n\n<p><strong>PGR denuncia a fam\u00edlia Mantovani: Qual \u00e9 a pr\u00f3xima fase?<\/strong><\/p>\n\n\n\n<p>Em 16 de julho de 2024, a Procuradoria-Geral da Rep\u00fablica (PGR) denunciou a fam\u00edlia Mantovani por cal\u00fania e inj\u00faria, ap\u00f3s a conclus\u00e3o da an\u00e1lise t\u00e9cnica. Antes da den\u00fancia, a Pol\u00edcia Federal j\u00e1 havia indiciado a fam\u00edlia, mas o processo de apura\u00e7\u00e3o sofreu reviravoltas. Inicialmente, o delegado Hiroshi de Ara\u00fajo Sakaki, que cuidava do caso, n\u00e3o indiciou a fam\u00edlia devido \u00e0 natureza dos crimes. Por\u00e9m, sob nova lideran\u00e7a, a PGR decidiu prosseguir com a den\u00fancia.<\/p>\n\n\n\n<p>As implica\u00e7\u00f5es desta reviravolta s\u00e3o significativas para ambas as partes. A fam\u00edlia Mantovani agora tem novos argumentos para se defender, enquanto a reputa\u00e7\u00e3o de Alexandre Barci \u00e9 questionada. As pr\u00f3ximas etapas incluir\u00e3o a an\u00e1lise mais diferenciada das provas e poss\u00edveis novas audi\u00eancias para esclarecer os fatos.<\/p>\n\n\n\n<p>O caso ainda est\u00e1 longe de uma conclus\u00e3o definitiva, mas a an\u00e1lise t\u00e9cnica trouxe novas perspectivas. A verdade completa dos eventos no Aeroporto de Roma em 14 de julho de 2023 pode em breve vir \u00e0 tona.<\/p>\n\n\n\n<p><strong>Reivindique sua vers\u00e3o dos fatos<\/strong><\/p>\n\n\n\n<p>&#8211; Revisar outros v\u00eddeos dispon\u00edveis.<\/p>\n\n\n\n<p>&#8211; Consultar testemunhas presentes no local.<\/p>\n\n\n\n<p>&#8211; Analisar documentos e relat\u00f3rios da Pol\u00edcia Federal e STF.<\/p>\n\n\n\n<p>Para quem acompanha este evento de perto, \u00e9 essencial seguir as atualiza\u00e7\u00f5es e validar as informa\u00e7\u00f5es continuamente, garantindo uma vis\u00e3o clara e justa dos acontecimentos.<\/p>\n\n\n\n<p><em>As informa\u00e7\u00f5es s\u00e3o da Revista Oeste<\/em><\/p>\n","protected":false},"excerpt":{"rendered":"<p>Um novo cap\u00edtulo surgiu no caso que envolve o filho do ministro Alexandre de Moraes e a fam\u00edlia Mantovani. Um laudo t\u00e9cnico concluiu que Alexandre Barci, filho do ministro, agrediu o empres\u00e1rio Roberto Mantovani com um \u201ctapa na nuca\u201d em 14 de julho de 2023. A an\u00e1lise contraria as acusa\u00e7\u00f5es iniciais e prop\u00f5e uma nova [&hellip;]<\/p>\n","protected":false},"author":2,"featured_media":2503,"comment_status":"closed","ping_status":"closed","sticky":false,"template":"","format":"standard","meta":{"_monsterinsights_skip_tracking":false,"_monsterinsights_sitenote_active":false,"_monsterinsights_sitenote_note":"","_monsterinsights_sitenote_category":0,"footnotes":""},"categories":[50,1],"tags":[],"_links":{"self":[{"href":"https:\/\/nazarenonews.com.br\/index.php\/wp-json\/wp\/v2\/posts\/2502"}],"collection":[{"href":"https:\/\/nazarenonews.com.br\/index.php\/wp-json\/wp\/v2\/posts"}],"about":[{"href":"https:\/\/nazarenonews.com.br\/index.php\/wp-json\/wp\/v2\/types\/post"}],"author":[{"embeddable":true,"href":"https:\/\/nazarenonews.com.br\/index.php\/wp-json\/wp\/v2\/users\/2"}],"replies":[{"embeddable":true,"href":"https:\/\/nazarenonews.com.br\/index.php\/wp-json\/wp\/v2\/comments?post=2502"}],"version-history":[{"count":1,"href":"https:\/\/nazarenonews.com.br\/index.php\/wp-json\/wp\/v2\/posts\/2502\/revisions"}],"predecessor-version":[{"id":2504,"href":"https:\/\/nazarenonews.com.br\/index.php\/wp-json\/wp\/v2\/posts\/2502\/revisions\/2504"}],"wp:featuredmedia":[{"embeddable":true,"href":"https:\/\/nazarenonews.com.br\/index.php\/wp-json\/wp\/v2\/media\/2503"}],"wp:attachment":[{"href":"https:\/\/nazarenonews.com.br\/index.php\/wp-json\/wp\/v2\/media?parent=2502"}],"wp:term":[{"taxonomy":"category","embeddable":true,"href":"https:\/\/nazarenonews.com.br\/index.php\/wp-json\/wp\/v2\/categories?post=2502"},{"taxonomy":"post_tag","embeddable":true,"href":"https:\/\/nazarenonews.com.br\/index.php\/wp-json\/wp\/v2\/tags?post=2502"}],"curies":[{"name":"wp","href":"https:\/\/api.w.org\/{rel}","templated":true}]}}