{"id":2499,"date":"2024-08-27T07:34:34","date_gmt":"2024-08-27T11:34:34","guid":{"rendered":"https:\/\/nazarenonews.com.br\/?p=2499"},"modified":"2024-08-27T09:48:16","modified_gmt":"2024-08-27T13:48:16","slug":"inscricoes-para-processo-seletivo-nas-escolas-militares-de-mt-comecam-nesta-sexta-30","status":"publish","type":"post","link":"https:\/\/nazarenonews.com.br\/index.php\/2024\/08\/27\/inscricoes-para-processo-seletivo-nas-escolas-militares-de-mt-comecam-nesta-sexta-30\/","title":{"rendered":"Inscri\u00e7\u00f5es para processo seletivo nas escolas militares de MT come\u00e7am nesta sexta (30)"},"content":{"rendered":"\n<p>Come\u00e7a nesta sexta-feira (30.08) as inscri\u00e7\u00f5es do Processo Seletivo para ingresso de novos estudantes nas Escolas Estaduais Militares Tiradentes e Escolas Estaduais Militares Dom Pedro II do Estado de Mato Grosso, para o ano letivo de 2025.<\/p>\n\n\n\n<p>Conforme edital publicado no Di\u00e1rio Oficial, que circula nesta segunda-feira (26.08), o per\u00edodo de inscri\u00e7\u00e3o come\u00e7a \u00e0s 08h desta sexta (30) e segue at\u00e9 \u00e0s 18h do dia 10 de setembro de 2024. A inscri\u00e7\u00e3o pode ser feita presencialmente na unidade escolar ou pelo formul\u00e1rio https:\/\/forms.gle\/DnB1foN2QU4o6x4k9 disponibilizado no site da Seduc.<\/p>\n\n\n\n<p>\u201cNas sedes das Escolas Estaduais Militares Tiradentes e Dom Pedro II estar\u00e1 dispon\u00edvel 01(um) terminal de computador para realiza\u00e7\u00e3o de inscri\u00e7\u00e3o, de segunda a sexta-feira das 8h \u00e0s 11h (matutino) e das 13h \u00e0s 17h (vespertino), com exce\u00e7\u00e3o dos domingos, feriados e pontos facultativos\u201d, cita trecho do edital.<\/p>\n\n\n\n<p>As provas ser\u00e3o realizadas no dia 13 de outubro de 2024 e ter\u00e3o dura\u00e7\u00e3o m\u00e1xima de 2 horas, das 8h \u00e0s 10h (hor\u00e1rio de Cuiab\u00e1 &#8211; MT).<br>Em V\u00e1rzea Grande, a Escola Estadual Militar Tiradentes Tenente Coronel PM Louirson Rodrigues Benevides oferta 180 vagas e, em Cuiab\u00e1, a Escola Estadual Militar Dom Pedro II Presidente Medici disponibiliza 224 vagas.\u00a0<\/p>\n\n\n\n<h2 class=\"wp-block-heading\">Vagas<\/h2>\n\n\n\n<p>Consta do edital, que as vagas dos candidatos aprovados e aptos a se matricularem ser\u00e3o distribu\u00eddas por cota, de acordo a Lei n\u00ba 11.273\/2020, com os percentuais abaixo: 5.2.1 20% para filhos e dependentes legais de Policiais Militares e Bombeiros Militares de Mato Grosso; 5.2.2 20% para integrantes de fam\u00edlias comprovadamente hipossuficientes (com renda de zero a quatro sal\u00e1rios m\u00ednimos); 5.2.3 5% para p\u00fablico-alvo da Educa\u00e7\u00e3o Especial (PAED); 5.2.4 55% para p\u00fablico da ampla concorr\u00eancia.<br>J\u00e1 os candidatos com a situa\u00e7\u00e3o classificada formam o cadastro de reserva.<\/p>\n\n\n\n<h2 class=\"wp-block-heading\">Matr\u00edcula<\/h2>\n\n\n\n<p>Os pais ou respons\u00e1veis legais dos candidatos aprovados dever\u00e3o comparecer na Escola Estadual Militar Tiradentes ou Escola Estadual Militar Dom Pedro II para realiza\u00e7\u00e3o da matr\u00edcula no per\u00edodo de 8 de janeiro de 2025 a 13 de janeiro de 2025.<\/p>\n\n\n\n<p>A matr\u00edcula ser\u00e1 realizada presencialmente nas Escolas Estaduais Militares Tiradentes e Escolas Estaduais Militares Dom Pedro II.<\/p>\n\n\n\n<p>Vgnot\u00edcias <\/p>\n","protected":false},"excerpt":{"rendered":"<p>Come\u00e7a nesta sexta-feira (30.08) as inscri\u00e7\u00f5es do Processo Seletivo para ingresso de novos estudantes nas Escolas Estaduais Militares Tiradentes e Escolas Estaduais Militares Dom Pedro II do Estado de Mato Grosso, para o ano letivo de 2025. Conforme edital publicado no Di\u00e1rio Oficial, que circula nesta segunda-feira (26.08), o per\u00edodo de inscri\u00e7\u00e3o come\u00e7a \u00e0s 08h [&hellip;]<\/p>\n","protected":false},"author":2,"featured_media":2500,"comment_status":"closed","ping_status":"closed","sticky":false,"template":"","format":"standard","meta":{"_monsterinsights_skip_tracking":false,"_monsterinsights_sitenote_active":false,"_monsterinsights_sitenote_note":"","_monsterinsights_sitenote_category":0,"footnotes":""},"categories":[1],"tags":[],"_links":{"self":[{"href":"https:\/\/nazarenonews.com.br\/index.php\/wp-json\/wp\/v2\/posts\/2499"}],"collection":[{"href":"https:\/\/nazarenonews.com.br\/index.php\/wp-json\/wp\/v2\/posts"}],"about":[{"href":"https:\/\/nazarenonews.com.br\/index.php\/wp-json\/wp\/v2\/types\/post"}],"author":[{"embeddable":true,"href":"https:\/\/nazarenonews.com.br\/index.php\/wp-json\/wp\/v2\/users\/2"}],"replies":[{"embeddable":true,"href":"https:\/\/nazarenonews.com.br\/index.php\/wp-json\/wp\/v2\/comments?post=2499"}],"version-history":[{"count":2,"href":"https:\/\/nazarenonews.com.br\/index.php\/wp-json\/wp\/v2\/posts\/2499\/revisions"}],"predecessor-version":[{"id":2505,"href":"https:\/\/nazarenonews.com.br\/index.php\/wp-json\/wp\/v2\/posts\/2499\/revisions\/2505"}],"wp:featuredmedia":[{"embeddable":true,"href":"https:\/\/nazarenonews.com.br\/index.php\/wp-json\/wp\/v2\/media\/2500"}],"wp:attachment":[{"href":"https:\/\/nazarenonews.com.br\/index.php\/wp-json\/wp\/v2\/media?parent=2499"}],"wp:term":[{"taxonomy":"category","embeddable":true,"href":"https:\/\/nazarenonews.com.br\/index.php\/wp-json\/wp\/v2\/categories?post=2499"},{"taxonomy":"post_tag","embeddable":true,"href":"https:\/\/nazarenonews.com.br\/index.php\/wp-json\/wp\/v2\/tags?post=2499"}],"curies":[{"name":"wp","href":"https:\/\/api.w.org\/{rel}","templated":true}]}}