{"id":2496,"date":"2024-08-27T07:28:57","date_gmt":"2024-08-27T11:28:57","guid":{"rendered":"https:\/\/nazarenonews.com.br\/?p=2496"},"modified":"2024-08-27T07:28:58","modified_gmt":"2024-08-27T11:28:58","slug":"brigadista-que-desapareceu-enquanto-combatia-incendio-e-encontrado-morto-carbonizado-no-xingu-em-mt","status":"publish","type":"post","link":"https:\/\/nazarenonews.com.br\/index.php\/2024\/08\/27\/brigadista-que-desapareceu-enquanto-combatia-incendio-e-encontrado-morto-carbonizado-no-xingu-em-mt\/","title":{"rendered":"Brigadista que desapareceu enquanto combatia inc\u00eandio \u00e9 encontrado morto carbonizado no Xingu em MT"},"content":{"rendered":"\n<p>O corpo de um brigadista do Instituto Brasileiro do Meio Ambiente e dos Recursos Naturais Renov\u00e1veis (Ibama) que combatia inc\u00eandios na Amaz\u00f4nia foi&nbsp;<strong>encontrado carbonizado na regi\u00e3o da Terra Ind\u00edgena Capoto Jarina<\/strong>, no Parque Nacional do Xingu, a 692 km de Cuiab\u00e1, nesta segunda-feira (26). A v\u00edtima foi identificada como<a class=\"\" href=\"https:\/\/g1.globo.com\/df\/distrito-federal\/noticia\/2024\/08\/26\/saiba-quem-e-o-brigadista-do-df-que-morreu-carbonizado-enquanto-combatia-fogo-no-xingu.ghtml\">&nbsp;<strong>Uellinton Lopes dos Santos, de 39 anos<\/strong><\/a><strong>.<\/strong><\/p>\n\n\n\n<p>Ao\u00a0<a class=\"\" href=\"https:\/\/g1.globo.com\/mt\/mato-grosso\/\"><strong>g1<\/strong><\/a>, o Ibama confirmou que o trabalhador\u00a0<strong>desapareceu por volta das 11h desse domingo (25),\u00a0<\/strong>enquanto trabalhava no combate ao fogo que se iniciou no territ\u00f3rio ind\u00edgena e, desde ent\u00e3o, n\u00e3o foi mais visto. Nesta manh\u00e3,\u00a0Uellinton foi encontrado a cerca de 1km de uma linha de defesa contra o fogo.<\/p>\n\n\n\n<p>Conforme o Instituto Raoni, a\u00a0situa\u00e7\u00e3o na terra ind\u00edgena se agravou nos \u00faltimos 10 dias. \u00c9 estimado pela entidade que a regi\u00e3o tem cerca de\u00a0635 mil hectares, o que \u00e9 maior do que a \u00e1rea do Distrito Federal (DF). Atualmente, 42 brigadistas atuando no combate, sendo que metade deles s\u00e3o ind\u00edgenas que fazem parte de um projeto.<\/p>\n\n\n\n<p>A institui\u00e7\u00e3o disse ainda que a situa\u00e7\u00e3o \u00e9 t\u00e3o grave que solicitou ao Ibama que mais brigadistas fossem enviados at\u00e9 o local. O\u00a0<a class=\"\" href=\"https:\/\/g1.globo.com\/mt\/mato-grosso\/\"><strong>g1\u00a0<\/strong><\/a>procurou o Instituto dos Recursos Naturais para entender como est\u00e1 a situa\u00e7\u00e3o, mas n\u00e3o teve retorno at\u00e9 a publica\u00e7\u00e3o desta reportagem.<\/p>\n\n\n\n<p>De acordo com o Instituto Raoni, este ano os focos de inc\u00eandio se espalharam mais cedo que o normal, j\u00e1 que o esperado era que o pico se intensificasse no m\u00eas de setembro, n\u00e3o logo em agosto.<\/p>\n\n\n\n<p>Imagens divulgadas pela institui\u00e7\u00e3o mostram a regi\u00e3o coberta pelo fogo e o c\u00e9u cinza devido \u00e0 fuligem e fuma\u00e7a. (veja acima). Em um v\u00eddeo gravado pelo sobrinho do Cacique Raoni, Megaron Txucarram\u00e3e, ele implora por socorro.<\/p>\n\n\n\n<h2 class=\"wp-block-heading\">Outros mortos em \u00e1reas de combate<\/h2>\n\n\n\n<p>Esta \u00e9 a segunda vez, neste m\u00eas, que um brigadista morre combatendo os inc\u00eandios de grandes propor\u00e7\u00f5es que tem atingido grande parte do territ\u00f3rio mato-grossense. H\u00e1 tr\u00eas dias\u00a0<a class=\"\" href=\"https:\/\/g1.globo.com\/mt\/mato-grosso\/noticia\/2024\/08\/22\/brigadista-morre-durante-combate-a-incendio-em-canavial-de-mt.ghtml\"><strong>o funcion\u00e1rio de uma fazenda morreu enquanto ajudava no combate a um inc\u00eandio<\/strong><\/a>\u00a0que atingiu uma \u00e1rea de canavial pr\u00f3xima da BR-163, na zona rural de Itiquira, a 359 km de Cuiab\u00e1.<\/p>\n\n\n\n<p>De acordo com a Pol\u00edcia Civil, um caminh\u00e3o-pipa transportava dois funcion\u00e1rios, sendo o motorista, que conseguiu escapar das chamas, e o ajudante, que tentou fugir, mas acabou sendo atingido pelo inc\u00eandio. A v\u00edtima foi identificada como Paulo Henrique Pereira Souza.<\/p>\n\n\n\n<p>A planta\u00e7\u00e3o afetada fica no distrito de Ouro Branco do Sul, em Itiquira , mas pertence a uma usina localizada no munic\u00edpio de Sonora (MS).<\/p>\n\n\n\n<p>J\u00e1 no Pantanal, em Corumb\u00e1 (MS), o<strong>&nbsp;<\/strong><a class=\"\" href=\"https:\/\/g1.globo.com\/ms\/mato-grosso-do-sul\/noticia\/2024\/08\/14\/trabalhador-morre-apos-ter-90percent-do-corpo-queimado-enquanto-construia-barreira-contra-incendios-no-pantanal.ghtml\"><strong>trabalhador rural Edson Genov\u00eaz, de 32 anos, morreu ap\u00f3s ter 90% do corpo queimado<\/strong><\/a>&nbsp;enquanto abria um aceiro &#8211; uma esp\u00e9cie de barreira natural &#8211; contra inc\u00eandios que consumiam a fazenda em que ele trabalhava.&nbsp;O caso foi registrado no \u00faltimo dia 13.<\/p>\n\n\n\n<p>O pe\u00e3o foi atingido pelo fogo quando o vento mudou de dire\u00e7\u00e3o, levando as chamas justamente para onde ele estava. A morte do trabalhador rural foi confirmada pela irm\u00e3 da v\u00edtima em uma publica\u00e7\u00e3o nas redes sociais e pelo pr\u00f3prio hospital.<\/p>\n\n\n\n<p>O comandante-adjunto do Batalh\u00e3o de Emerg\u00eancias Ambientais (BEA), major Felipe Saboia, explicou que a estiagem severa e a baixa umidade do ar s\u00e3o fatores favor\u00e1veis para o surgimento natural de inc\u00eandios florestais, ent\u00e3o \u00e9 preciso que a popula\u00e7\u00e3o respeite o per\u00edodo proibitivo.<\/p>\n\n\n\n<p>\u26a0\ufe0fConforme determina a Lei 9.605, o uso irregular do fogo associado ao desmatamento ilegal gera multa de at\u00e9 R$ 7,5 mil por hectare. As multas s\u00e3o aplicadas pelo Corpo de Bombeiros Militar e chegaram a R$ 40,5 milh\u00f5es no primeiro semestre deste ano.<\/p>\n\n\n\n<p>G1-MT<\/p>\n","protected":false},"excerpt":{"rendered":"<p>O corpo de um brigadista do Instituto Brasileiro do Meio Ambiente e dos Recursos Naturais Renov\u00e1veis (Ibama) que combatia inc\u00eandios na Amaz\u00f4nia foi&nbsp;encontrado carbonizado na regi\u00e3o da Terra Ind\u00edgena Capoto Jarina, no Parque Nacional do Xingu, a 692 km de Cuiab\u00e1, nesta segunda-feira (26). A v\u00edtima foi identificada como&nbsp;Uellinton Lopes dos Santos, de 39 anos. [&hellip;]<\/p>\n","protected":false},"author":2,"featured_media":2497,"comment_status":"closed","ping_status":"closed","sticky":false,"template":"","format":"standard","meta":{"_monsterinsights_skip_tracking":false,"_monsterinsights_sitenote_active":false,"_monsterinsights_sitenote_note":"","_monsterinsights_sitenote_category":0,"footnotes":""},"categories":[1],"tags":[],"_links":{"self":[{"href":"https:\/\/nazarenonews.com.br\/index.php\/wp-json\/wp\/v2\/posts\/2496"}],"collection":[{"href":"https:\/\/nazarenonews.com.br\/index.php\/wp-json\/wp\/v2\/posts"}],"about":[{"href":"https:\/\/nazarenonews.com.br\/index.php\/wp-json\/wp\/v2\/types\/post"}],"author":[{"embeddable":true,"href":"https:\/\/nazarenonews.com.br\/index.php\/wp-json\/wp\/v2\/users\/2"}],"replies":[{"embeddable":true,"href":"https:\/\/nazarenonews.com.br\/index.php\/wp-json\/wp\/v2\/comments?post=2496"}],"version-history":[{"count":1,"href":"https:\/\/nazarenonews.com.br\/index.php\/wp-json\/wp\/v2\/posts\/2496\/revisions"}],"predecessor-version":[{"id":2498,"href":"https:\/\/nazarenonews.com.br\/index.php\/wp-json\/wp\/v2\/posts\/2496\/revisions\/2498"}],"wp:featuredmedia":[{"embeddable":true,"href":"https:\/\/nazarenonews.com.br\/index.php\/wp-json\/wp\/v2\/media\/2497"}],"wp:attachment":[{"href":"https:\/\/nazarenonews.com.br\/index.php\/wp-json\/wp\/v2\/media?parent=2496"}],"wp:term":[{"taxonomy":"category","embeddable":true,"href":"https:\/\/nazarenonews.com.br\/index.php\/wp-json\/wp\/v2\/categories?post=2496"},{"taxonomy":"post_tag","embeddable":true,"href":"https:\/\/nazarenonews.com.br\/index.php\/wp-json\/wp\/v2\/tags?post=2496"}],"curies":[{"name":"wp","href":"https:\/\/api.w.org\/{rel}","templated":true}]}}