{"id":2493,"date":"2024-08-27T07:19:26","date_gmt":"2024-08-27T11:19:26","guid":{"rendered":"https:\/\/nazarenonews.com.br\/?p=2493"},"modified":"2024-08-27T07:19:27","modified_gmt":"2024-08-27T11:19:27","slug":"previsao-do-tempo-terca-feira-27-com-alerta-para-baixa-umidade-no-mato-grosso","status":"publish","type":"post","link":"https:\/\/nazarenonews.com.br\/index.php\/2024\/08\/27\/previsao-do-tempo-terca-feira-27-com-alerta-para-baixa-umidade-no-mato-grosso\/","title":{"rendered":"PREVIS\u00c3O DO TEMPO: ter\u00e7a-feira (27) com alerta para baixa umidade no Mato Grosso"},"content":{"rendered":"\n<p>Nesta ter\u00e7a-feira (27), o Instituto Nacional de Meteorologia (Inmet) alerta para perigo potencial de baixa umidade em todo o Mato Grosso, em cidades como Barra do Gar\u00e7as, Primavera do Leste e S\u00e3o Jos\u00e9 do Rio Claro.<\/p>\n\n\n\n<p>A previs\u00e3o \u00e9 de poucas&nbsp;nuvens em todo o Mato Grosso durante o dia e \u00e0 noite.<\/p>\n\n\n\n<p>A temperatura m\u00ednima fica em torno de 11\u00b0C, em Alto Taquari, e a m\u00e1xima prevista \u00e9 de 40\u00baC, em Apiac\u00e1s. A umidade relativa do ar varia entre 10% e 30%.<\/p>\n\n\n\n<p>As informa\u00e7\u00f5es s\u00e3o do Instituto Nacional de Meteorologia.<\/p>\n\n\n\n<p>Fonte: <a href=\"https:\/\/brasil61.com\/n\/previsao-do-tempo-terca-feira-27-com-alerta-para-baixa-umidade-no-mato-grosso-ptco243780\" target=\"_blank\" rel=\"noreferrer noopener\">Brasil 61<\/a><\/p>\n","protected":false},"excerpt":{"rendered":"<p>Nesta ter\u00e7a-feira (27), o Instituto Nacional de Meteorologia (Inmet) alerta para perigo potencial de baixa umidade em todo o Mato Grosso, em cidades como Barra do Gar\u00e7as, Primavera do Leste e S\u00e3o Jos\u00e9 do Rio Claro. A previs\u00e3o \u00e9 de poucas&nbsp;nuvens em todo o Mato Grosso durante o dia e \u00e0 noite. A temperatura m\u00ednima [&hellip;]<\/p>\n","protected":false},"author":2,"featured_media":2184,"comment_status":"closed","ping_status":"closed","sticky":false,"template":"","format":"standard","meta":{"_monsterinsights_skip_tracking":false,"_monsterinsights_sitenote_active":false,"_monsterinsights_sitenote_note":"","_monsterinsights_sitenote_category":0,"footnotes":""},"categories":[52],"tags":[],"_links":{"self":[{"href":"https:\/\/nazarenonews.com.br\/index.php\/wp-json\/wp\/v2\/posts\/2493"}],"collection":[{"href":"https:\/\/nazarenonews.com.br\/index.php\/wp-json\/wp\/v2\/posts"}],"about":[{"href":"https:\/\/nazarenonews.com.br\/index.php\/wp-json\/wp\/v2\/types\/post"}],"author":[{"embeddable":true,"href":"https:\/\/nazarenonews.com.br\/index.php\/wp-json\/wp\/v2\/users\/2"}],"replies":[{"embeddable":true,"href":"https:\/\/nazarenonews.com.br\/index.php\/wp-json\/wp\/v2\/comments?post=2493"}],"version-history":[{"count":1,"href":"https:\/\/nazarenonews.com.br\/index.php\/wp-json\/wp\/v2\/posts\/2493\/revisions"}],"predecessor-version":[{"id":2494,"href":"https:\/\/nazarenonews.com.br\/index.php\/wp-json\/wp\/v2\/posts\/2493\/revisions\/2494"}],"wp:featuredmedia":[{"embeddable":true,"href":"https:\/\/nazarenonews.com.br\/index.php\/wp-json\/wp\/v2\/media\/2184"}],"wp:attachment":[{"href":"https:\/\/nazarenonews.com.br\/index.php\/wp-json\/wp\/v2\/media?parent=2493"}],"wp:term":[{"taxonomy":"category","embeddable":true,"href":"https:\/\/nazarenonews.com.br\/index.php\/wp-json\/wp\/v2\/categories?post=2493"},{"taxonomy":"post_tag","embeddable":true,"href":"https:\/\/nazarenonews.com.br\/index.php\/wp-json\/wp\/v2\/tags?post=2493"}],"curies":[{"name":"wp","href":"https:\/\/api.w.org\/{rel}","templated":true}]}}