{"id":2485,"date":"2024-08-26T18:52:05","date_gmt":"2024-08-26T22:52:05","guid":{"rendered":"https:\/\/nazarenonews.com.br\/?p=2485"},"modified":"2024-08-26T18:53:50","modified_gmt":"2024-08-26T22:53:50","slug":"acordei-com-a-cama-tremendo-muito-diz-brasileira-que-vive-em-portugal-e-presenciou-terremoto","status":"publish","type":"post","link":"https:\/\/nazarenonews.com.br\/index.php\/2024\/08\/26\/acordei-com-a-cama-tremendo-muito-diz-brasileira-que-vive-em-portugal-e-presenciou-terremoto\/","title":{"rendered":"&#8216;Acordei com a cama tremendo muito&#8217;, diz brasileira que vive em Portugal e presenciou terremoto"},"content":{"rendered":"\n<p><strong>&#8220;Acordei com a cama tremendo muito&#8221;<\/strong>, relatou a mato-grossense Gabrielly Bibiano, de 24 anos, que mora em Costa da Caparica, cidade litor\u00e2nea que fica ao lado de Lisboa, e foi&nbsp;<strong>uma das brasileiras que sentiu o tremor do&nbsp;<\/strong><a class=\"\" href=\"https:\/\/g1.globo.com\/mundo\/noticia\/2024\/08\/26\/terremoto-portugual.ghtml\"><strong>terremoto de magnitude 5,4&nbsp;<\/strong>que aconteceu na madrugada desta segunda-feira<\/a>&nbsp;(26), em Portugal.<\/p>\n\n\n\n<p>Gabrielly, que nasceu em&nbsp;<a class=\"\" href=\"https:\/\/g1.globo.com\/mt\/mato-grosso\/cidade\/varzea-grande-mt\/\">V\u00e1rzea Grande<\/a>, regi\u00e3o metropolitana de Cuiab\u00e1, \u00e9 psic\u00f3loga e mudou-se para Portugal acerca de um ano em busca de novas experi\u00eancias.<\/p>\n\n\n\n<p>Ao\u00a0<a class=\"\" href=\"https:\/\/g1.globo.com\/mt\/mato-grosso\/\"><strong>g1<\/strong><\/a>, a jovem contou que estava dormindo no momento em que os tremores come\u00e7aram e que foi acordada ao sentir a cama tremer.<\/p>\n\n\n\n<p><strong>&#8220;Foi uma sensa\u00e7\u00e3o assustadora, arrepio s\u00f3 de falar. Acordei com a cama tremendo muito e n\u00e3o estava entendendo o que estava acontecendo. Quando passou, entrei nas redes sociais e soube o que estava rolando. Nunca imaginei que fosse viver isso um dia, s\u00f3 tinha visto em filme&#8221;, contou.<\/strong><\/p>\n\n\n\n<p>A psic\u00f3loga contou que, ap\u00f3s o tremor, n\u00e3o conseguiu voltar a dormir e permaneceu acordada at\u00e9 o hor\u00e1rio de ir para o trabalho.<\/p>\n\n\n\n<p>Segundo ela, o governo portugu\u00eas est\u00e1 emitindo constantes alertas com recomenda\u00e7\u00f5es de seguran\u00e7a para a popula\u00e7\u00e3o. Gabrielly disse que<strong>\u00a0n\u00e3o se feriu e nem sofreu nenhum dano material<\/strong>.<\/p>\n\n\n\n<p>A regi\u00e3o de epicentro do terremoto, de magnitude 5,4, fica perto de Lisboa, capital de Portugal, onde os tremores tamb\u00e9m foram sentidos. O fen\u00f4meno foi registrado pouco depois das 5h no hor\u00e1rio local (1h de Bras\u00edlia.&nbsp;<strong>At\u00e9 o momento, n\u00e3o houve relatos de danos ou v\u00edtimas<\/strong>.<\/p>\n\n\n\n<p>O Instituto de Pesquisas Geol\u00f3gicas dos Estados Unidos (USGS, na sigla em ingl\u00eas), que monitora tremores pelo mundo em tempo real, registrou uma magnitude de 5,4. J\u00e1 o Instituto Portugu\u00eas do Mar e Atmosfera (IPMA) disse que o terremoto teve magnitude 5,3<\/p>\n\n\n\n<p>G1-MT<\/p>\n","protected":false},"excerpt":{"rendered":"<p>&#8220;Acordei com a cama tremendo muito&#8221;, relatou a mato-grossense Gabrielly Bibiano, de 24 anos, que mora em Costa da Caparica, cidade litor\u00e2nea que fica ao lado de Lisboa, e foi&nbsp;uma das brasileiras que sentiu o tremor do&nbsp;terremoto de magnitude 5,4&nbsp;que aconteceu na madrugada desta segunda-feira&nbsp;(26), em Portugal. Gabrielly, que nasceu em&nbsp;V\u00e1rzea Grande, regi\u00e3o metropolitana de [&hellip;]<\/p>\n","protected":false},"author":2,"featured_media":2488,"comment_status":"closed","ping_status":"closed","sticky":false,"template":"","format":"standard","meta":{"_monsterinsights_skip_tracking":false,"_monsterinsights_sitenote_active":false,"_monsterinsights_sitenote_note":"","_monsterinsights_sitenote_category":0,"footnotes":""},"categories":[1],"tags":[],"_links":{"self":[{"href":"https:\/\/nazarenonews.com.br\/index.php\/wp-json\/wp\/v2\/posts\/2485"}],"collection":[{"href":"https:\/\/nazarenonews.com.br\/index.php\/wp-json\/wp\/v2\/posts"}],"about":[{"href":"https:\/\/nazarenonews.com.br\/index.php\/wp-json\/wp\/v2\/types\/post"}],"author":[{"embeddable":true,"href":"https:\/\/nazarenonews.com.br\/index.php\/wp-json\/wp\/v2\/users\/2"}],"replies":[{"embeddable":true,"href":"https:\/\/nazarenonews.com.br\/index.php\/wp-json\/wp\/v2\/comments?post=2485"}],"version-history":[{"count":1,"href":"https:\/\/nazarenonews.com.br\/index.php\/wp-json\/wp\/v2\/posts\/2485\/revisions"}],"predecessor-version":[{"id":2487,"href":"https:\/\/nazarenonews.com.br\/index.php\/wp-json\/wp\/v2\/posts\/2485\/revisions\/2487"}],"wp:featuredmedia":[{"embeddable":true,"href":"https:\/\/nazarenonews.com.br\/index.php\/wp-json\/wp\/v2\/media\/2488"}],"wp:attachment":[{"href":"https:\/\/nazarenonews.com.br\/index.php\/wp-json\/wp\/v2\/media?parent=2485"}],"wp:term":[{"taxonomy":"category","embeddable":true,"href":"https:\/\/nazarenonews.com.br\/index.php\/wp-json\/wp\/v2\/categories?post=2485"},{"taxonomy":"post_tag","embeddable":true,"href":"https:\/\/nazarenonews.com.br\/index.php\/wp-json\/wp\/v2\/tags?post=2485"}],"curies":[{"name":"wp","href":"https:\/\/api.w.org\/{rel}","templated":true}]}}