{"id":2482,"date":"2024-08-26T07:34:20","date_gmt":"2024-08-26T11:34:20","guid":{"rendered":"https:\/\/nazarenonews.com.br\/?p=2482"},"modified":"2024-08-26T07:34:20","modified_gmt":"2024-08-26T11:34:20","slug":"previsao-do-tempo-dias-continuam-quentes-e-secos-no-centro-oeste","status":"publish","type":"post","link":"https:\/\/nazarenonews.com.br\/index.php\/2024\/08\/26\/previsao-do-tempo-dias-continuam-quentes-e-secos-no-centro-oeste\/","title":{"rendered":"PREVIS\u00c3O DO TEMPO: dias continuam quentes e secos no Centro-Oeste"},"content":{"rendered":"\n<p><br>Tempo seco e quente, caracter\u00edstico desta \u00e9poca do ano, deve predominar em toda a regi\u00e3o Centro-Oeste. A previs\u00e3o do Instituto Nacional de Meteorologia, o Inmet, para esta segunda-feira (26), \u00e9 de sol com altas temperaturas durante o dia e grande amplitude t\u00e9rmica \u2014 j\u00e1 que os term\u00f4metros devem variar muito entre as madrugadas mais frescas e os dias mais quentes. N\u00e3o h\u00e1 previs\u00e3o de chuva em nenhum dos estados do Centro-Oeste. Em algumas cidades, como Bras\u00edlia (DF), j\u00e1 s\u00e3o mais de 130 dias sem chuva.<\/p>\n\n\n\n<p>O Inmet emitiu um alerta de perigo potencial por conta da baixa umidade para todos os estados da regi\u00e3o Centro-Oeste. Nessa regi\u00e3o, a umidade do ar pode variar entre 30% e 10%.&nbsp;<\/p>\n\n\n\n<p>Os term\u00f4metros podem chegar aos 31\u00b0C, em Cuiab\u00e1 (MT), mas a capital mato-grossense tem m\u00ednima prevista de 13\u00baC. Em Campo Grande, as temperaturas variam entre 8\u00baC e 25\u00baC.&nbsp;<\/p>\n\n\n\n<p>M\u00ednimas de 14\u00b0C, em Goi\u00e2nia (GO) \u2014 e 16\u00b0C, em Bras\u00edlia (DF).<\/p>\n\n\n\n<p>As informa\u00e7\u00f5es s\u00e3o do Instituto Nacional de Meteorologia<\/p>\n","protected":false},"excerpt":{"rendered":"<p>Tempo seco e quente, caracter\u00edstico desta \u00e9poca do ano, deve predominar em toda a regi\u00e3o Centro-Oeste. A previs\u00e3o do Instituto Nacional de Meteorologia, o Inmet, para esta segunda-feira (26), \u00e9 de sol com altas temperaturas durante o dia e grande amplitude t\u00e9rmica \u2014 j\u00e1 que os term\u00f4metros devem variar muito entre as madrugadas mais frescas [&hellip;]<\/p>\n","protected":false},"author":2,"featured_media":1923,"comment_status":"closed","ping_status":"closed","sticky":false,"template":"","format":"standard","meta":{"_monsterinsights_skip_tracking":false,"_monsterinsights_sitenote_active":false,"_monsterinsights_sitenote_note":"","_monsterinsights_sitenote_category":0,"footnotes":""},"categories":[52],"tags":[],"_links":{"self":[{"href":"https:\/\/nazarenonews.com.br\/index.php\/wp-json\/wp\/v2\/posts\/2482"}],"collection":[{"href":"https:\/\/nazarenonews.com.br\/index.php\/wp-json\/wp\/v2\/posts"}],"about":[{"href":"https:\/\/nazarenonews.com.br\/index.php\/wp-json\/wp\/v2\/types\/post"}],"author":[{"embeddable":true,"href":"https:\/\/nazarenonews.com.br\/index.php\/wp-json\/wp\/v2\/users\/2"}],"replies":[{"embeddable":true,"href":"https:\/\/nazarenonews.com.br\/index.php\/wp-json\/wp\/v2\/comments?post=2482"}],"version-history":[{"count":1,"href":"https:\/\/nazarenonews.com.br\/index.php\/wp-json\/wp\/v2\/posts\/2482\/revisions"}],"predecessor-version":[{"id":2483,"href":"https:\/\/nazarenonews.com.br\/index.php\/wp-json\/wp\/v2\/posts\/2482\/revisions\/2483"}],"wp:featuredmedia":[{"embeddable":true,"href":"https:\/\/nazarenonews.com.br\/index.php\/wp-json\/wp\/v2\/media\/1923"}],"wp:attachment":[{"href":"https:\/\/nazarenonews.com.br\/index.php\/wp-json\/wp\/v2\/media?parent=2482"}],"wp:term":[{"taxonomy":"category","embeddable":true,"href":"https:\/\/nazarenonews.com.br\/index.php\/wp-json\/wp\/v2\/categories?post=2482"},{"taxonomy":"post_tag","embeddable":true,"href":"https:\/\/nazarenonews.com.br\/index.php\/wp-json\/wp\/v2\/tags?post=2482"}],"curies":[{"name":"wp","href":"https:\/\/api.w.org\/{rel}","templated":true}]}}