{"id":2479,"date":"2024-08-26T07:30:55","date_gmt":"2024-08-26T11:30:55","guid":{"rendered":"https:\/\/nazarenonews.com.br\/?p=2479"},"modified":"2024-08-26T07:30:55","modified_gmt":"2024-08-26T11:30:55","slug":"ministro-que-afastou-desembargadores-acusados-de-vender-sentencas-deixa-cnj","status":"publish","type":"post","link":"https:\/\/nazarenonews.com.br\/index.php\/2024\/08\/26\/ministro-que-afastou-desembargadores-acusados-de-vender-sentencas-deixa-cnj\/","title":{"rendered":"Ministro que afastou desembargadores acusados de vender senten\u00e7as deixa CNJ"},"content":{"rendered":"\n<p>O ministro Luis Felipe Salom\u00e3o deixou a Corregedoria Nacional de Justi\u00e7a, cargo que ocupava no Conselho Nacional de Justi\u00e7a (CNJ).<\/p>\n\n\n\n<p>Durante o seu mandato, Salom\u00e3o foi respons\u00e1vel por decis\u00f5es de grande impacto, incluindo a ordem de afastamento dos desembargadores Sebasti\u00e3o de Moraes Filho e Jo\u00e3o Ferreira Filho, do Tribunal de Justi\u00e7a de Mato Grosso (TJ-MT), por suspeitas de envolvimento na venda de senten\u00e7as.<\/p>\n\n\n\n<p>Salom\u00e3o assume agora a vice-presid\u00eancia do Superior Tribunal de Justi\u00e7a (STJ), enquanto o ministro Mauro Campbell Marques foi nomeado como o novo corregedor do CNJ.<\/p>\n\n\n\n<p>Campbell Marques permanecer\u00e1 no cargo at\u00e9 2026, e ter\u00e1 como uma de suas principais responsabilidades dar sequ\u00eancia \u00e0s investiga\u00e7\u00f5es sobre poss\u00edveis irregularidades envolvendo magistrados e advogados.<\/p>\n\n\n\n<p>Essas investiga\u00e7\u00f5es, que ganharam maior destaque ap\u00f3s a an\u00e1lise dos dados contidos no celular do advogado Roberto Zampieri, assassinado em dezembro do ano passado, continuar\u00e3o sob a supervis\u00e3o do novo corregedor.<\/p>\n\n\n\n<p>O caso Zampieri \u00e9 central na apura\u00e7\u00e3o de um esquema que pode envolver a corrup\u00e7\u00e3o no Judici\u00e1rio e o papel de advogados em pr\u00e1ticas il\u00edcitas.<\/p>\n\n\n\n<p>Folha do Estado <\/p>\n","protected":false},"excerpt":{"rendered":"<p>O ministro Luis Felipe Salom\u00e3o deixou a Corregedoria Nacional de Justi\u00e7a, cargo que ocupava no Conselho Nacional de Justi\u00e7a (CNJ). Durante o seu mandato, Salom\u00e3o foi respons\u00e1vel por decis\u00f5es de grande impacto, incluindo a ordem de afastamento dos desembargadores Sebasti\u00e3o de Moraes Filho e Jo\u00e3o Ferreira Filho, do Tribunal de Justi\u00e7a de Mato Grosso (TJ-MT), [&hellip;]<\/p>\n","protected":false},"author":2,"featured_media":2480,"comment_status":"closed","ping_status":"closed","sticky":false,"template":"","format":"standard","meta":{"_monsterinsights_skip_tracking":false,"_monsterinsights_sitenote_active":false,"_monsterinsights_sitenote_note":"","_monsterinsights_sitenote_category":0,"footnotes":""},"categories":[1],"tags":[],"_links":{"self":[{"href":"https:\/\/nazarenonews.com.br\/index.php\/wp-json\/wp\/v2\/posts\/2479"}],"collection":[{"href":"https:\/\/nazarenonews.com.br\/index.php\/wp-json\/wp\/v2\/posts"}],"about":[{"href":"https:\/\/nazarenonews.com.br\/index.php\/wp-json\/wp\/v2\/types\/post"}],"author":[{"embeddable":true,"href":"https:\/\/nazarenonews.com.br\/index.php\/wp-json\/wp\/v2\/users\/2"}],"replies":[{"embeddable":true,"href":"https:\/\/nazarenonews.com.br\/index.php\/wp-json\/wp\/v2\/comments?post=2479"}],"version-history":[{"count":1,"href":"https:\/\/nazarenonews.com.br\/index.php\/wp-json\/wp\/v2\/posts\/2479\/revisions"}],"predecessor-version":[{"id":2481,"href":"https:\/\/nazarenonews.com.br\/index.php\/wp-json\/wp\/v2\/posts\/2479\/revisions\/2481"}],"wp:featuredmedia":[{"embeddable":true,"href":"https:\/\/nazarenonews.com.br\/index.php\/wp-json\/wp\/v2\/media\/2480"}],"wp:attachment":[{"href":"https:\/\/nazarenonews.com.br\/index.php\/wp-json\/wp\/v2\/media?parent=2479"}],"wp:term":[{"taxonomy":"category","embeddable":true,"href":"https:\/\/nazarenonews.com.br\/index.php\/wp-json\/wp\/v2\/categories?post=2479"},{"taxonomy":"post_tag","embeddable":true,"href":"https:\/\/nazarenonews.com.br\/index.php\/wp-json\/wp\/v2\/tags?post=2479"}],"curies":[{"name":"wp","href":"https:\/\/api.w.org\/{rel}","templated":true}]}}