{"id":2467,"date":"2024-08-25T12:39:41","date_gmt":"2024-08-25T16:39:41","guid":{"rendered":"https:\/\/nazarenonews.com.br\/?p=2467"},"modified":"2024-08-25T12:40:54","modified_gmt":"2024-08-25T16:40:54","slug":"previsao-do-tempo-domingo-25-com-poucas-nuvens-no-centro-oeste","status":"publish","type":"post","link":"https:\/\/nazarenonews.com.br\/index.php\/2024\/08\/25\/previsao-do-tempo-domingo-25-com-poucas-nuvens-no-centro-oeste\/","title":{"rendered":"PREVIS\u00c3O DO TEMPO: domingo (25) com poucas nuvens no Centro-Oeste"},"content":{"rendered":"\n<p>Domingo (25) com possibilidade de chuva apenas na microrregi\u00e3o de Tr\u00eas Lagoas no Mato Grosso do Sul.&nbsp;<\/p>\n\n\n\n<p><strong>Confira agora a previs\u00e3o do tempo no seu estado.&nbsp;<\/strong><\/p>\n\n\n\n<p><strong>Distrito Federal<\/strong><\/p>\n\n\n\n<p>Domingo (25) com poucas nuvens no Distrito Federal.<\/p>\n\n\n\n<p><strong>Goi\u00e1s<\/strong><\/p>\n\n\n\n<p>A previs\u00e3o \u00e9 de varia\u00e7\u00e3o de nuvens em todo o estado de Goi\u00e1s, em cidades como Luzi\u00e2nia e Campos Belos.<\/p>\n\n\n\n<p><strong>Mato Grosso<\/strong><\/p>\n\n\n\n<p>Domingo (25) com varia\u00e7\u00e3o de nuvens em todo o Mato Grosso, em cidades como Ju\u00edna e Poxor\u00e9u.<\/p>\n\n\n\n<p><strong>Mato Grosso do Sul<\/strong><\/p>\n\n\n\n<p>Domingo (25) com possibilidade de chuva na microrregi\u00e3o de Tr\u00eas Lagoas. Varia\u00e7\u00e3o de nuvens nas demais regi\u00f5es do estado.&nbsp;<\/p>\n\n\n\n<p><strong>Temperatura m\u00ednima e m\u00e1xima na regi\u00e3o<\/strong><\/p>\n\n\n\n<p>A temperatura m\u00ednima fica em torno de 5\u00b0C, em Iguatemi, em Mato Grosso do Sul \u2014 e a m\u00e1xima prevista \u00e9 de 41\u00baC, na cidade de Apiac\u00e1s, em Mato Grosso. A umidade relativa do ar varia entre 15% e 85%.<\/p>\n\n\n\n<p>As informa\u00e7\u00f5es s\u00e3o do Instituto Nacional de Meteorologia.<\/p>\n\n\n\n<p>Fonte: <a href=\"https:\/\/brasil61.com\/n\/previsao-do-tempo-domingo-25-com-poucas-nuvens-no-centro-oeste-ptco243777\" target=\"_blank\" rel=\"noreferrer noopener\">Brasil 61<\/a><\/p>\n","protected":false},"excerpt":{"rendered":"<p>Domingo (25) com possibilidade de chuva apenas na microrregi\u00e3o de Tr\u00eas Lagoas no Mato Grosso do Sul.&nbsp; Confira agora a previs\u00e3o do tempo no seu estado.&nbsp; Distrito Federal Domingo (25) com poucas nuvens no Distrito Federal. Goi\u00e1s A previs\u00e3o \u00e9 de varia\u00e7\u00e3o de nuvens em todo o estado de Goi\u00e1s, em cidades como Luzi\u00e2nia e [&hellip;]<\/p>\n","protected":false},"author":2,"featured_media":1923,"comment_status":"closed","ping_status":"closed","sticky":false,"template":"","format":"standard","meta":{"_monsterinsights_skip_tracking":false,"_monsterinsights_sitenote_active":false,"_monsterinsights_sitenote_note":"","_monsterinsights_sitenote_category":0,"footnotes":""},"categories":[52],"tags":[],"_links":{"self":[{"href":"https:\/\/nazarenonews.com.br\/index.php\/wp-json\/wp\/v2\/posts\/2467"}],"collection":[{"href":"https:\/\/nazarenonews.com.br\/index.php\/wp-json\/wp\/v2\/posts"}],"about":[{"href":"https:\/\/nazarenonews.com.br\/index.php\/wp-json\/wp\/v2\/types\/post"}],"author":[{"embeddable":true,"href":"https:\/\/nazarenonews.com.br\/index.php\/wp-json\/wp\/v2\/users\/2"}],"replies":[{"embeddable":true,"href":"https:\/\/nazarenonews.com.br\/index.php\/wp-json\/wp\/v2\/comments?post=2467"}],"version-history":[{"count":1,"href":"https:\/\/nazarenonews.com.br\/index.php\/wp-json\/wp\/v2\/posts\/2467\/revisions"}],"predecessor-version":[{"id":2469,"href":"https:\/\/nazarenonews.com.br\/index.php\/wp-json\/wp\/v2\/posts\/2467\/revisions\/2469"}],"wp:featuredmedia":[{"embeddable":true,"href":"https:\/\/nazarenonews.com.br\/index.php\/wp-json\/wp\/v2\/media\/1923"}],"wp:attachment":[{"href":"https:\/\/nazarenonews.com.br\/index.php\/wp-json\/wp\/v2\/media?parent=2467"}],"wp:term":[{"taxonomy":"category","embeddable":true,"href":"https:\/\/nazarenonews.com.br\/index.php\/wp-json\/wp\/v2\/categories?post=2467"},{"taxonomy":"post_tag","embeddable":true,"href":"https:\/\/nazarenonews.com.br\/index.php\/wp-json\/wp\/v2\/tags?post=2467"}],"curies":[{"name":"wp","href":"https:\/\/api.w.org\/{rel}","templated":true}]}}