{"id":2464,"date":"2024-08-25T12:37:15","date_gmt":"2024-08-25T16:37:15","guid":{"rendered":"https:\/\/nazarenonews.com.br\/?p=2464"},"modified":"2024-08-25T12:37:15","modified_gmt":"2024-08-25T16:37:15","slug":"jovens-representam-a-maior-fatia-dos-evangelicos-desigrejados-no-brasil","status":"publish","type":"post","link":"https:\/\/nazarenonews.com.br\/index.php\/2024\/08\/25\/jovens-representam-a-maior-fatia-dos-evangelicos-desigrejados-no-brasil\/","title":{"rendered":"Jovens representam a maior fatia dos evang\u00e9licos desigrejados no Brasil"},"content":{"rendered":"\n<p>Uma pesquisa divulgada recentemente, pela&nbsp;<a href=\"https:\/\/www.instagram.com\/missaosepal\/\" target=\"_blank\" rel=\"noreferrer noopener\">Miss\u00e3o Sepal<\/a>, mapeou o perfil dos \u201cdesigrejados\u201d no Brasil. O levantamento mostra que, jovens entre 16 e 24 anos representam a maior parcela dos evang\u00e9licos que n\u00e3o frequentam igrejas (12,5%).<\/p>\n\n\n\n<p>Os considerados jovens adultos, com idades entre 25 e 34 anos, aparecem logo em seguida na rela\u00e7\u00e3o de desigrejados, com 12,5%. Entre os evang\u00e9licos de 35 a 44 anos, um total de 5,7% n\u00e3o s\u00e3o frequentadores. A faixa et\u00e1ria de 45 a 59 anos \u00e9 a que apresenta menos \u201cn\u00e3o frequentadores\u201d.<\/p>\n\n\n\n<p>A pesquisa tamb\u00e9m foi considerada pela perspectiva da renda familiar, e observou que a maior concentra\u00e7\u00e3o de evang\u00e9licos n\u00e3o frequentadores (9,38%), vivem com a renda de 2 a 5 sal\u00e1rios m\u00ednimos.<\/p>\n\n\n\n<p>Considerando o n\u00edvel de escolaridade, os dados mostram que 13,79% dos evang\u00e9licos com ensino superior, s\u00e3o n\u00e3o frequentadores, assim como 9% dos que possuem ensino m\u00e9dio.<\/p>\n\n\n\n<p>Em rela\u00e7\u00e3o ao g\u00eanero, os homens registram 10,71% dos evang\u00e9licos que n\u00e3o frequentam igrejas e as mulheres, 5,88%<\/p>\n\n\n\n<p><em>Com informa\u00e7\u00f5es Miss\u00e3o Sepal e Datafolha\/ ago. 2024<\/em><\/p>\n\n\n\n<p><\/p>\n","protected":false},"excerpt":{"rendered":"<p>Uma pesquisa divulgada recentemente, pela&nbsp;Miss\u00e3o Sepal, mapeou o perfil dos \u201cdesigrejados\u201d no Brasil. O levantamento mostra que, jovens entre 16 e 24 anos representam a maior parcela dos evang\u00e9licos que n\u00e3o frequentam igrejas (12,5%). Os considerados jovens adultos, com idades entre 25 e 34 anos, aparecem logo em seguida na rela\u00e7\u00e3o de desigrejados, com 12,5%. [&hellip;]<\/p>\n","protected":false},"author":2,"featured_media":2465,"comment_status":"closed","ping_status":"closed","sticky":false,"template":"","format":"standard","meta":{"_monsterinsights_skip_tracking":false,"_monsterinsights_sitenote_active":false,"_monsterinsights_sitenote_note":"","_monsterinsights_sitenote_category":0,"footnotes":""},"categories":[1],"tags":[],"_links":{"self":[{"href":"https:\/\/nazarenonews.com.br\/index.php\/wp-json\/wp\/v2\/posts\/2464"}],"collection":[{"href":"https:\/\/nazarenonews.com.br\/index.php\/wp-json\/wp\/v2\/posts"}],"about":[{"href":"https:\/\/nazarenonews.com.br\/index.php\/wp-json\/wp\/v2\/types\/post"}],"author":[{"embeddable":true,"href":"https:\/\/nazarenonews.com.br\/index.php\/wp-json\/wp\/v2\/users\/2"}],"replies":[{"embeddable":true,"href":"https:\/\/nazarenonews.com.br\/index.php\/wp-json\/wp\/v2\/comments?post=2464"}],"version-history":[{"count":1,"href":"https:\/\/nazarenonews.com.br\/index.php\/wp-json\/wp\/v2\/posts\/2464\/revisions"}],"predecessor-version":[{"id":2466,"href":"https:\/\/nazarenonews.com.br\/index.php\/wp-json\/wp\/v2\/posts\/2464\/revisions\/2466"}],"wp:featuredmedia":[{"embeddable":true,"href":"https:\/\/nazarenonews.com.br\/index.php\/wp-json\/wp\/v2\/media\/2465"}],"wp:attachment":[{"href":"https:\/\/nazarenonews.com.br\/index.php\/wp-json\/wp\/v2\/media?parent=2464"}],"wp:term":[{"taxonomy":"category","embeddable":true,"href":"https:\/\/nazarenonews.com.br\/index.php\/wp-json\/wp\/v2\/categories?post=2464"},{"taxonomy":"post_tag","embeddable":true,"href":"https:\/\/nazarenonews.com.br\/index.php\/wp-json\/wp\/v2\/tags?post=2464"}],"curies":[{"name":"wp","href":"https:\/\/api.w.org\/{rel}","templated":true}]}}