{"id":2458,"date":"2024-08-25T12:30:49","date_gmt":"2024-08-25T16:30:49","guid":{"rendered":"https:\/\/nazarenonews.com.br\/?p=2458"},"modified":"2024-08-25T12:30:49","modified_gmt":"2024-08-25T16:30:49","slug":"motociclista-morre-em-acidente-com-carreta-na-br-364-em-mt","status":"publish","type":"post","link":"https:\/\/nazarenonews.com.br\/index.php\/2024\/08\/25\/motociclista-morre-em-acidente-com-carreta-na-br-364-em-mt\/","title":{"rendered":"Motociclista morre em acidente com carreta na BR-364 em MT"},"content":{"rendered":"\n<p>Um motociclista de 47 anos morreu em um acidente entre a moto que ele conduzia e uma carreta na BR-364, em&nbsp;<a class=\"\" href=\"https:\/\/g1.globo.com\/mt\/mato-grosso\/cidade\/rondonopolis\/\">Rondon\u00f3polis<\/a>, a 218 km de Cuiab\u00e1, neste domingo (25). A v\u00edtima foi identificada como&nbsp;Genivaldo Demiro Nunes.<\/p>\n\n\n\n<p>De acordo com a Pol\u00edcia Rodovi\u00e1ria Federal (PRF), o acidente ocorreu na altura do<strong>&nbsp;km 208 da BR<\/strong>, no&nbsp;<strong>per\u00edmetro urbano<\/strong>. No local, os policiais encontraram Genivaldo com diversos ferimentos decorrentes da batida e j\u00e1 sem vida.<\/p>\n\n\n\n<p>O condutor da carreta saiu ileso. A causa do acidente deve ser esclarecida somente ap\u00f3s laudo pericial, que informar\u00e1 a din\u00e2mica da batida.<\/p>\n\n\n\n<p>A concession\u00e1ria Nova Rota do Oeste e a Per\u00edcia Oficial e Identifica\u00e7\u00e3o T\u00e9cnica (Politec) tamb\u00e9m estiveram no local para ajudar na apura\u00e7\u00e3o da ocorr\u00eancia.<\/p>\n\n\n\n<p>A PRF pontuou que a regi\u00e3o onde o acidente ocorreu tem um grande volume de ve\u00edculos de carga, o que deixa o\u00a0trecho mais propenso a acidentes graves\u00a0envolvendo ve\u00edculos de grande e pequeno porte.<\/p>\n\n\n\n<p><strong>\u201cA PRF refor\u00e7a a import\u00e2ncia de uma dire\u00e7\u00e3o defensiva por parte dos condutores, pois a diferen\u00e7a entre o tamanho dos ve\u00edculos \u00e9 grande, o que gera danos acima da m\u00e9dia em caso de colis\u00e3o e aumenta a gravidade das les\u00f5es dos envolvidos, principalmente entre caminh\u00f5es e motocicletas\u201d, ressaltou, em nota.<\/strong><\/p>\n\n\n\n<p>G1-MT<\/p>\n","protected":false},"excerpt":{"rendered":"<p>Um motociclista de 47 anos morreu em um acidente entre a moto que ele conduzia e uma carreta na BR-364, em&nbsp;Rondon\u00f3polis, a 218 km de Cuiab\u00e1, neste domingo (25). A v\u00edtima foi identificada como&nbsp;Genivaldo Demiro Nunes. De acordo com a Pol\u00edcia Rodovi\u00e1ria Federal (PRF), o acidente ocorreu na altura do&nbsp;km 208 da BR, no&nbsp;per\u00edmetro urbano. [&hellip;]<\/p>\n","protected":false},"author":2,"featured_media":2459,"comment_status":"closed","ping_status":"closed","sticky":false,"template":"","format":"standard","meta":{"_monsterinsights_skip_tracking":false,"_monsterinsights_sitenote_active":false,"_monsterinsights_sitenote_note":"","_monsterinsights_sitenote_category":0,"footnotes":""},"categories":[1],"tags":[],"_links":{"self":[{"href":"https:\/\/nazarenonews.com.br\/index.php\/wp-json\/wp\/v2\/posts\/2458"}],"collection":[{"href":"https:\/\/nazarenonews.com.br\/index.php\/wp-json\/wp\/v2\/posts"}],"about":[{"href":"https:\/\/nazarenonews.com.br\/index.php\/wp-json\/wp\/v2\/types\/post"}],"author":[{"embeddable":true,"href":"https:\/\/nazarenonews.com.br\/index.php\/wp-json\/wp\/v2\/users\/2"}],"replies":[{"embeddable":true,"href":"https:\/\/nazarenonews.com.br\/index.php\/wp-json\/wp\/v2\/comments?post=2458"}],"version-history":[{"count":1,"href":"https:\/\/nazarenonews.com.br\/index.php\/wp-json\/wp\/v2\/posts\/2458\/revisions"}],"predecessor-version":[{"id":2460,"href":"https:\/\/nazarenonews.com.br\/index.php\/wp-json\/wp\/v2\/posts\/2458\/revisions\/2460"}],"wp:featuredmedia":[{"embeddable":true,"href":"https:\/\/nazarenonews.com.br\/index.php\/wp-json\/wp\/v2\/media\/2459"}],"wp:attachment":[{"href":"https:\/\/nazarenonews.com.br\/index.php\/wp-json\/wp\/v2\/media?parent=2458"}],"wp:term":[{"taxonomy":"category","embeddable":true,"href":"https:\/\/nazarenonews.com.br\/index.php\/wp-json\/wp\/v2\/categories?post=2458"},{"taxonomy":"post_tag","embeddable":true,"href":"https:\/\/nazarenonews.com.br\/index.php\/wp-json\/wp\/v2\/tags?post=2458"}],"curies":[{"name":"wp","href":"https:\/\/api.w.org\/{rel}","templated":true}]}}