{"id":2455,"date":"2024-08-25T12:28:55","date_gmt":"2024-08-25T16:28:55","guid":{"rendered":"https:\/\/nazarenonews.com.br\/?p=2455"},"modified":"2024-08-25T12:28:55","modified_gmt":"2024-08-25T16:28:55","slug":"apos-recordes-de-calor-frente-fria-chega-em-cuiaba-veja-previsao-para-os-proximos-dias","status":"publish","type":"post","link":"https:\/\/nazarenonews.com.br\/index.php\/2024\/08\/25\/apos-recordes-de-calor-frente-fria-chega-em-cuiaba-veja-previsao-para-os-proximos-dias\/","title":{"rendered":"Ap\u00f3s recordes de calor, frente fria chega em Cuiab\u00e1; veja previs\u00e3o para os pr\u00f3ximos dias"},"content":{"rendered":"\n<p>Cuiab\u00e1 amanheceu com a temperatura na casa dos&nbsp;17\u00b0C neste domingo (25) e umidade relativa do ar em torno de 69%, um al\u00edvio ap\u00f3s uma sequ\u00eancia de recordes de calor e umidade que chegou a ficar em&nbsp;<strong>10%<\/strong>&nbsp;na \u00faltima semana, abaixo do registrado no Deserto do Saara (entre 14% e 20%). Os registros s\u00e3o do Instituo Nacional de Metereologia (Inmet).<\/p>\n\n\n\n<p>A\u00a0<strong>frente fria, no entanto, deve ser passageira<\/strong>. Nessa segunda-feira (26), a previs\u00e3o \u00e9 de m\u00ednima de\u00a014\u00b0C e m\u00e1xima de 34\u00b0C. J\u00e1 na ter\u00e7a-feira (27) a temperatura volta a subir, com m\u00ednima prevista de\u00a020\u00b0C e m\u00e1xima de 39\u00b0C.<\/p>\n\n\n\n<p>Ainda conforme a previs\u00e3o do Instituto, o calor deve voltar de forma intensa na quarta-feira (28), quando a m\u00e1xima prevista \u00e9 de\u00a0<strong>40\u00b0C<\/strong>.<\/p>\n\n\n\n<h2 class=\"wp-block-heading\"><strong>Recordes de calor<\/strong><\/h2>\n\n\n\n<p>Em apenas tr\u00eas dias, Cuiab\u00e1 bateu tr\u00eas recordes de calor para 2024, sendo o primeiro registrado na \u00faltima quinta-feira (15) quando a capital registrou m\u00e1xima de&nbsp;<strong>41\u00b0C<\/strong>, o segundo no s\u00e1bado (17) com&nbsp;<strong>41,8\u00b0C<\/strong>&nbsp;e o terceiro no domingo (18), quando os term\u00f4metros chegaram a<strong>&nbsp;42,2\u00b0C<\/strong>.<\/p>\n\n\n\n<p>Ainda na \u00faltima semana, a<a class=\"\" href=\"https:\/\/g1.globo.com\/mt\/mato-grosso\/noticia\/2024\/08\/21\/cuiaba-registra-temperatura-acima-de-40c-por-6-dias-seguidos-e-bate-recorde-de-calor.ghtml\">\u00a0capital registrou temperaturas acima dos 40\u00b0C por seis dias consecutivos<\/a>, e foi a cidade mais quente do Brasil.<\/p>\n\n\n\n<p>G1-MT<\/p>\n","protected":false},"excerpt":{"rendered":"<p>Cuiab\u00e1 amanheceu com a temperatura na casa dos&nbsp;17\u00b0C neste domingo (25) e umidade relativa do ar em torno de 69%, um al\u00edvio ap\u00f3s uma sequ\u00eancia de recordes de calor e umidade que chegou a ficar em&nbsp;10%&nbsp;na \u00faltima semana, abaixo do registrado no Deserto do Saara (entre 14% e 20%). Os registros s\u00e3o do Instituo Nacional [&hellip;]<\/p>\n","protected":false},"author":2,"featured_media":2456,"comment_status":"closed","ping_status":"closed","sticky":false,"template":"","format":"standard","meta":{"_monsterinsights_skip_tracking":false,"_monsterinsights_sitenote_active":false,"_monsterinsights_sitenote_note":"","_monsterinsights_sitenote_category":0,"footnotes":""},"categories":[36,1],"tags":[],"_links":{"self":[{"href":"https:\/\/nazarenonews.com.br\/index.php\/wp-json\/wp\/v2\/posts\/2455"}],"collection":[{"href":"https:\/\/nazarenonews.com.br\/index.php\/wp-json\/wp\/v2\/posts"}],"about":[{"href":"https:\/\/nazarenonews.com.br\/index.php\/wp-json\/wp\/v2\/types\/post"}],"author":[{"embeddable":true,"href":"https:\/\/nazarenonews.com.br\/index.php\/wp-json\/wp\/v2\/users\/2"}],"replies":[{"embeddable":true,"href":"https:\/\/nazarenonews.com.br\/index.php\/wp-json\/wp\/v2\/comments?post=2455"}],"version-history":[{"count":1,"href":"https:\/\/nazarenonews.com.br\/index.php\/wp-json\/wp\/v2\/posts\/2455\/revisions"}],"predecessor-version":[{"id":2457,"href":"https:\/\/nazarenonews.com.br\/index.php\/wp-json\/wp\/v2\/posts\/2455\/revisions\/2457"}],"wp:featuredmedia":[{"embeddable":true,"href":"https:\/\/nazarenonews.com.br\/index.php\/wp-json\/wp\/v2\/media\/2456"}],"wp:attachment":[{"href":"https:\/\/nazarenonews.com.br\/index.php\/wp-json\/wp\/v2\/media?parent=2455"}],"wp:term":[{"taxonomy":"category","embeddable":true,"href":"https:\/\/nazarenonews.com.br\/index.php\/wp-json\/wp\/v2\/categories?post=2455"},{"taxonomy":"post_tag","embeddable":true,"href":"https:\/\/nazarenonews.com.br\/index.php\/wp-json\/wp\/v2\/tags?post=2455"}],"curies":[{"name":"wp","href":"https:\/\/api.w.org\/{rel}","templated":true}]}}